{"id":49715,"date":"2021-10-01T15:24:46","date_gmt":"2021-10-01T19:24:46","guid":{"rendered":"https:\/\/www.brazilianpress.com\/v1\/?p=49715"},"modified":"2021-10-01T15:24:46","modified_gmt":"2021-10-01T19:24:46","slug":"30-criancas-brasileiras-foram-deportadas-dos-eua-para-o-haiti","status":"publish","type":"post","link":"https:\/\/www.brazilianpress.com\/v1\/2021\/10\/01\/30-criancas-brasileiras-foram-deportadas-dos-eua-para-o-haiti\/","title":{"rendered":"30 crian\u00e7as brasileiras foram deportadas dos EUA para o Haiti"},"content":{"rendered":"<p><strong>Trinta crian\u00e7as brasileiras foram deportadas dos Estados Unidos para o Haiti, em meio \u00e0 crise migrat\u00f3ria que levou cerca de 15 mil imigrantes, em sua grande maioria haitianos que j\u00e1 moravam fora do seu pa\u00eds para a fronteira dos EUA com o M\u00e9xico. Os dados sobre a deporta\u00e7\u00e3o de menores brasileiros filhos de haitianos, divulgados pela Organiza\u00e7\u00e3o Internacional para as Migra\u00e7\u00f5es (OIM), foram publicados pela BBC News Brasil.<\/strong><\/p>\n<p>De acordo com Giuseppe Loprete, chefe da miss\u00e3o da OIM em Porto Pr\u00edncipe, no total, mais de 210 das cerca de 4.300 pessoas deportadas pelos EUA entre os dias 19 e 27 de setembro s\u00e3o crian\u00e7as filhas de pais haitianos, mas nascidas em outros pa\u00edses das Am\u00e9ricas do Sul e Central \u2014 entre elas, h\u00e1 tamb\u00e9m 182 menores chilenos e crian\u00e7as venezuelanas e panamenhas.<\/p>\n<p>Os n\u00fameros aumentaram, j\u00e1 que as deporta\u00e7\u00f5es continuam. Loprete disse que mais seis voos foram enviados ao Haiti e que o M\u00e9xico, sobrecarregado pelo n\u00famero de imigrantes que cruzaram de volta para seu territ\u00f3rio diante da situa\u00e7\u00e3o nos EUA, tamb\u00e9m planeja iniciar repatria\u00e7\u00f5es. As Bahamas, rota de muitos que tentam chegar aos EUA de barco, d\u00e1 sinais de que far\u00e1 o mesmo.<\/p>\n<p>Segundo Loprete, a OIM est\u00e1 em contato com as fam\u00edlias que t\u00eam crian\u00e7as brasileiras, e parte do processo incluiu a elabora\u00e7\u00e3o de um perfil para saber mais sobre seu hist\u00f3rico e sua trajet\u00f3ria, de qual pa\u00eds vieram, qual foi o seu itiner\u00e1rio e se h\u00e1 demanda por repatria\u00e7\u00e3o. A organiza\u00e7\u00e3o, contudo, est\u00e1 sobrecarregada com o fluxo de chegada e compilar as informa\u00e7\u00f5es t\u00eam sido um &#8220;grande desafio&#8221;, disse ele.<\/p>\n<p>As crian\u00e7as brasileiras, em sua maioria, t\u00eam menos de 3 anos e, como nasceram no Brasil, s\u00e3o cidad\u00e3s brasileiras, como prev\u00ea a Constitui\u00e7\u00e3o de 1988. Caso ambos seus pais sejam haitianos, tamb\u00e9m s\u00e3o consideradas cidad\u00e3s da ilha caribenha, apesar de n\u00e3o terem documentos para comprovar o v\u00ednculo. As autoridades locais, contudo, indicaram que ir\u00e3o facilitar a expedi\u00e7\u00e3o de certid\u00f5es de nascimento e carteiras de identidade.<\/p>\n<p>Na semana passada, a OIM solicitou que o governo brasileiro receba haitianos com filhos brasileiros ou que tenham passado pelo Brasil antes de chegar \u00e0 fronteira do M\u00e9xico com os Estados Unidos. Procurado, o Itamaraty confirmou ent\u00e3o ter sido notificado pela organiza\u00e7\u00e3o, sem entrar em detalhes, e informou que o caso ser\u00e1 analisado &#8220;\u00e0 luz da legisla\u00e7\u00e3o brasileira vigente&#8221;.<\/p>\n<p>O governo \u00e9 legalmente obrigado a repatriar seus cidad\u00e3os que estejam em risco no exterior e sem recursos para retornar ao pa\u00eds. N\u00e3o est\u00e1 claro, contudo, se os pais das crian\u00e7as expressaram o desejo de retornar ao Brasil.<\/p>\n<p>O fluxo se intensificou nas \u00faltimas semanas, aparentemente porque muitos haitianos acreditaram que receberiam o chamado &#8220;status de prote\u00e7\u00e3o tempor\u00e1ria&#8221; para permanecerem nos EUA. Esse status, concedido a cidad\u00e3os do pa\u00eds caribenho depois do terremoto de 2010, voltou a ser estabelecido ap\u00f3s o assassinato do presidente Jovenel Mo\u00efse, em 7 de julho, mas apenas para aqueles que j\u00e1 estavam em territ\u00f3rio americano at\u00e9 29 de julho.<\/p>\n","protected":false},"excerpt":{"rendered":"<p>Trinta crian\u00e7as brasileiras foram deportadas dos Estados Unidos para o Haiti, em meio \u00e0 crise migrat\u00f3ria que levou cerca de 15 mil imigrantes, em sua grande maioria haitianos que j\u00e1 moravam fora do seu pa\u00eds para a fronteira dos EUA com o M\u00e9xico. Os dados sobre a deporta\u00e7\u00e3o de menores brasileiros filhos de haitianos, divulgados pela Organiza\u00e7\u00e3o Internacional para as Migra\u00e7\u00f5es (OIM), foram publicados pela BBC News Brasil. De acordo com Giuseppe Loprete, chefe da miss\u00e3o da OIM em Porto Pr\u00edncipe, no total, mais de 210 das cerca de 4.300 pessoas deportadas pelos EUA entre os dias 19 e 27 [&hellip;]<\/p>\n","protected":false},"author":1,"featured_media":49716,"comment_status":"open","ping_status":"closed","sticky":false,"template":"","format":"standard","meta":{"_links_to":"","_links_to_target":""},"categories":[4,3,1],"tags":[],"views":1145,"_links":{"self":[{"href":"https:\/\/www.brazilianpress.com\/v1\/wp-json\/wp\/v2\/posts\/49715"}],"collection":[{"href":"https:\/\/www.brazilianpress.com\/v1\/wp-json\/wp\/v2\/posts"}],"about":[{"href":"https:\/\/www.brazilianpress.com\/v1\/wp-json\/wp\/v2\/types\/post"}],"author":[{"embeddable":true,"href":"https:\/\/www.brazilianpress.com\/v1\/wp-json\/wp\/v2\/users\/1"}],"replies":[{"embeddable":true,"href":"https:\/\/www.brazilianpress.com\/v1\/wp-json\/wp\/v2\/comments?post=49715"}],"version-history":[{"count":1,"href":"https:\/\/www.brazilianpress.com\/v1\/wp-json\/wp\/v2\/posts\/49715\/revisions"}],"predecessor-version":[{"id":49717,"href":"https:\/\/www.brazilianpress.com\/v1\/wp-json\/wp\/v2\/posts\/49715\/revisions\/49717"}],"wp:featuredmedia":[{"embeddable":true,"href":"https:\/\/www.brazilianpress.com\/v1\/wp-json\/wp\/v2\/media\/49716"}],"wp:attachment":[{"href":"https:\/\/www.brazilianpress.com\/v1\/wp-json\/wp\/v2\/media?parent=49715"}],"wp:term":[{"taxonomy":"category","embeddable":true,"href":"https:\/\/www.brazilianpress.com\/v1\/wp-json\/wp\/v2\/categories?post=49715"},{"taxonomy":"post_tag","embeddable":true,"href":"https:\/\/www.brazilianpress.com\/v1\/wp-json\/wp\/v2\/tags?post=49715"}],"curies":[{"name":"wp","href":"https:\/\/api.w.org\/{rel}","templated":true}]}}