{"id":49727,"date":"2021-10-01T15:37:59","date_gmt":"2021-10-01T19:37:59","guid":{"rendered":"https:\/\/www.brazilianpress.com\/v1\/?p=49727"},"modified":"2021-10-01T15:37:59","modified_gmt":"2021-10-01T19:37:59","slug":"eua-nao-mais-deportarao-as-pessoas-apenas-porque-sao-indocumentadas-disse-o-secretario-de-seguranca-interna","status":"publish","type":"post","link":"https:\/\/www.brazilianpress.com\/v1\/2021\/10\/01\/eua-nao-mais-deportarao-as-pessoas-apenas-porque-sao-indocumentadas-disse-o-secretario-de-seguranca-interna\/","title":{"rendered":"EUA n\u00e3o mais deportar\u00e3o as pessoas apenas porque s\u00e3o indocumentadas, disse o secret\u00e1rio de Seguran\u00e7a Interna"},"content":{"rendered":"<p><strong>O secret\u00e1rio de Seguran\u00e7a Interna, Alejandro Mayorkas, disse na quinta-feira que os oficiais da imigra\u00e7\u00e3o n\u00e3o podem mais deter e deportar pessoas dos Estados Unidos apenas porque s\u00e3o indocumentados.\u00a0<\/strong><\/p>\n<p>Em um memorando para funcion\u00e1rios da ag\u00eancia de imigra\u00e7\u00e3o e fronteira, Mayorkas delineou novas diretrizes que direcionam os funcion\u00e1rios da Imigra\u00e7\u00e3o e Fiscaliza\u00e7\u00e3o Alfandeg\u00e1ria a se concentrarem na pris\u00e3o e deporta\u00e7\u00e3o de imigrantes que representam uma amea\u00e7a \u00e0 seguran\u00e7a nacional e fronteiri\u00e7a, bem como \u00e0 seguran\u00e7a p\u00fablica.<\/p>\n<p>Isso inclui pessoas suspeitas de terrorismo ou espionagem, aqueles que cometeram crimes graves e migrantes que cruzaram ilegalmente a fronteira EUA-M\u00e9xico depois de 1\u00ba de novembro de 2020.<\/p>\n<p>As diretrizes exigem uma avalia\u00e7\u00e3o caso a caso dos indiv\u00edduos para determinar se eles se enquadram nessas categorias de prioridade, de acordo com um comunicado \u00e0 imprensa da Seguran\u00e7a Interna.<strong><br \/>\n<\/strong>Os oficiais do ICE n\u00e3o ter\u00e3o mais permiss\u00e3o para prender e deportar imigrantes indocumentados que h\u00e1 muito s\u00e3o \u201cmembros contribuintes\u201d da comunidade dos Estados Unidos, incluindo l\u00edderes religiosos, agricultores e profissionais de sa\u00fade da linha de frente.\u00a0As novas diretrizes tamb\u00e9m pro\u00edbem que os policiais detenham imigrantes cujo status seja revelado por \u201cempregadores inescrupulosos\u201d, desde que n\u00e3o cometam um crime grave.<\/p>\n<p>As novas diretrizes entram em vigor em 29 de novembro.<\/p>\n<p>\u201cSomos guiados pelo conhecimento de que existem indiv\u00edduos aqui que est\u00e3o aqui h\u00e1 gera\u00e7\u00f5es e contribu\u00edram para o bem-estar de nosso pa\u00eds\u201d, disse Mayorkas no memorando.<\/p>\n<p>\u201cEnquanto nos esfor\u00e7amos para fornecer a eles um caminho para o status, n\u00e3o trabalharemos em conflito gastando recursos para remover aqueles que n\u00e3o representam uma amea\u00e7a e, de fato, tornar nossa na\u00e7\u00e3o mais forte\u201d, ele continuou.<\/p>\n<p>As novas diretrizes marcam uma mudan\u00e7a na pol\u00edtica de imigra\u00e7\u00e3o dos EUA que pode poupar muitos dos imigrantes indocumentados que corriam o risco de deporta\u00e7\u00e3o sob a administra\u00e7\u00e3o Trump, que permitia a pris\u00e3o de qualquer pessoa que residisse ilegalmente no pa\u00eds.<\/p>\n<p>Aproximadamente 11 milh\u00f5es de imigrantes sem documentos vivem nos Estados Unidos, de acordo com o memorando.<\/p>\n<p>Embora o presidente Joe Biden tenha jurado lutar por um caminho para a cidadania, os esfor\u00e7os para estabelecer um processo de legaliza\u00e7\u00e3o enfrentaram v\u00e1rios obst\u00e1culos no Congresso este ano.\u00a0Uma proposta dos legisladores democratas de incluir um caminho de cidadania em seu projeto de lei or\u00e7ament\u00e1ria foi rejeitada\u00a0pelo parlamentar do Senado na semana passada.<\/p>\n<p>O governo Biden tamb\u00e9m enfrenta duras cr\u00edticas por sua resposta \u00e0 migra\u00e7\u00e3o na fronteira EUA-M\u00e9xico.\u00a0Legisladores democratas e defensores da imigra\u00e7\u00e3o condenaram o uso do T\u00edtulo 42 pelo governo, uma pol\u00edtica de sa\u00fade p\u00fablica da era Trump que deporta migrantes sem lhes dar a chance de solicitar asilo.\u00a0Crian\u00e7as desacompanhadas est\u00e3o isentas.<\/p>\n<p>Os Centros para Controle e Preven\u00e7\u00e3o de Doen\u00e7as decidiram em agosto que o T\u00edtulo 42 permaneceria em vigor at\u00e9 determinar que n\u00e3o h\u00e1 mais o perigo de Covid-19 ser trazido para os Estados Unidos.<\/p>\n","protected":false},"excerpt":{"rendered":"<p>O secret\u00e1rio de Seguran\u00e7a Interna, Alejandro Mayorkas, disse na quinta-feira que os oficiais da imigra\u00e7\u00e3o n\u00e3o podem mais deter e deportar pessoas dos Estados Unidos apenas porque s\u00e3o indocumentados.\u00a0 Em um memorando para funcion\u00e1rios da ag\u00eancia de imigra\u00e7\u00e3o e fronteira, Mayorkas delineou novas diretrizes que direcionam os funcion\u00e1rios da Imigra\u00e7\u00e3o e Fiscaliza\u00e7\u00e3o Alfandeg\u00e1ria a se concentrarem na pris\u00e3o e deporta\u00e7\u00e3o de imigrantes que representam uma amea\u00e7a \u00e0 seguran\u00e7a nacional e fronteiri\u00e7a, bem como \u00e0 seguran\u00e7a p\u00fablica. Isso inclui pessoas suspeitas de terrorismo ou espionagem, aqueles que cometeram crimes graves e migrantes que cruzaram ilegalmente a fronteira EUA-M\u00e9xico depois de 1\u00ba [&hellip;]<\/p>\n","protected":false},"author":1,"featured_media":47619,"comment_status":"open","ping_status":"closed","sticky":false,"template":"","format":"standard","meta":{"_links_to":"","_links_to_target":""},"categories":[4,3,1],"tags":[],"views":2226,"_links":{"self":[{"href":"https:\/\/www.brazilianpress.com\/v1\/wp-json\/wp\/v2\/posts\/49727"}],"collection":[{"href":"https:\/\/www.brazilianpress.com\/v1\/wp-json\/wp\/v2\/posts"}],"about":[{"href":"https:\/\/www.brazilianpress.com\/v1\/wp-json\/wp\/v2\/types\/post"}],"author":[{"embeddable":true,"href":"https:\/\/www.brazilianpress.com\/v1\/wp-json\/wp\/v2\/users\/1"}],"replies":[{"embeddable":true,"href":"https:\/\/www.brazilianpress.com\/v1\/wp-json\/wp\/v2\/comments?post=49727"}],"version-history":[{"count":1,"href":"https:\/\/www.brazilianpress.com\/v1\/wp-json\/wp\/v2\/posts\/49727\/revisions"}],"predecessor-version":[{"id":49728,"href":"https:\/\/www.brazilianpress.com\/v1\/wp-json\/wp\/v2\/posts\/49727\/revisions\/49728"}],"wp:featuredmedia":[{"embeddable":true,"href":"https:\/\/www.brazilianpress.com\/v1\/wp-json\/wp\/v2\/media\/47619"}],"wp:attachment":[{"href":"https:\/\/www.brazilianpress.com\/v1\/wp-json\/wp\/v2\/media?parent=49727"}],"wp:term":[{"taxonomy":"category","embeddable":true,"href":"https:\/\/www.brazilianpress.com\/v1\/wp-json\/wp\/v2\/categories?post=49727"},{"taxonomy":"post_tag","embeddable":true,"href":"https:\/\/www.brazilianpress.com\/v1\/wp-json\/wp\/v2\/tags?post=49727"}],"curies":[{"name":"wp","href":"https:\/\/api.w.org\/{rel}","templated":true}]}}