{"id":49729,"date":"2021-10-02T09:19:38","date_gmt":"2021-10-02T13:19:38","guid":{"rendered":"https:\/\/www.brazilianpress.com\/v1\/?p=49729"},"modified":"2021-10-02T09:19:38","modified_gmt":"2021-10-02T13:19:38","slug":"atencao-jovem-brasileiro-e-baleado-na-cabeca-dentro-de-carro-em-chicago","status":"publish","type":"post","link":"https:\/\/www.brazilianpress.com\/v1\/2021\/10\/02\/atencao-jovem-brasileiro-e-baleado-na-cabeca-dentro-de-carro-em-chicago\/","title":{"rendered":"Aten\u00e7\u00e3o: Jovem brasileiro \u00e9 baleado na cabe\u00e7a dentro de carro em Chicago"},"content":{"rendered":"<p><strong>O brasileiro Jo\u00e3o Pedro Elisei Marchezani, de 23 anos, est\u00e1 h\u00e1 quase um m\u00eas internado em estado cr\u00edtico ap\u00f3s ter sido baleado na cabe\u00e7a em Chicago, nos Estados Unidos. Segundo sua m\u00e3e, Monica Elisei Marchezani, a situa\u00e7\u00e3o, totalmente gratuita, devastou completamente a fam\u00edlia.<\/strong><\/p>\n<p>Jo\u00e3o estava com a namorada e uma amiga no banco de tr\u00e1s do carro de um amigo, indo a um bar, na madrugada de 5 de setembro, quando o motorista percebeu pelo retrovisor que eles estavam sendo seguidos por um motociclista armado. Com medo de um assalto, ele desviou e \u201cfechou\u201d o condutor da moto.<\/p>\n<p>Logo depois, o motociclista reapareceu, acompanhado de uma segunda moto, onde estavam dois homens. O passageiro da segunda moto, armado, disparou oito tiros contra o carro onde estava o brasileiro. Apenas Jo\u00e3o foi atingido, com uma bala que entrou pela nuca e atingiu seu c\u00e9rebro. De acordo com Monica, os jovens estavam comemorando o novo apartamento que Jo\u00e3o e a namorada tinham acabado de alugar para morarem juntos. Eles tinham passado a tarde comprando objetos para o local e seu filho tinha cozinhado antes de sa\u00edrem. H\u00e1 dois meses, ela, o marido e um filho mais novo se mudaram para Cleveland, em Ohio, e Jo\u00e3o permaneceu em Chicago, onde estuda rob\u00f3tica. Mas o casal estava na cidade justamente para conhecer o novo lugar onde o filho iria morar.<\/p>\n<p><strong>Suspeitos<\/strong><\/p>\n<p>Monica diz que a pol\u00edcia j\u00e1 tem alguns suspeitos de terem cometido o crime e a investiga\u00e7\u00e3o est\u00e1 avan\u00e7ando. Segundo ela, h\u00e1 muitas c\u00e2meras de vigil\u00e2ncia na regi\u00e3o onde Jo\u00e3o Pedro foi baleado e isso ajudou. \u201cGra\u00e7as a Deus, quanto a essa parte, acreditamos que v\u00e1 ser resolvido e a justi\u00e7a ser\u00e1 feita em breve\u201d, afirma.<\/p>\n<p><strong>Acordado e assustado<\/strong><\/p>\n<p>\u201cNos contaram que ele chegou ao hospital acordado, l\u00facido, muito assustado. Ele sabia o que tinha acontecido com ele, e dizia que n\u00e3o sentia o lado esquerdo do corpo\u201d, conta a m\u00e3e do jovem. Os pais autorizaram a coloca\u00e7\u00e3o de um dreno no c\u00e9rebro, mas o procedimento n\u00e3o foi suficiente para reduzir o incha\u00e7o cerebral, e Jo\u00e3o foi submetido a uma cirurgia, na qual chegou a ter uma parte do cr\u00e2nio removida. Em seguida, foi colocado em coma induzido.<\/p>\n<p>Desde ent\u00e3o, tem lutado bravamente pela vida, enfrentando uma pneumonia, que j\u00e1 superou, e outras infec\u00e7\u00f5es. Foi nessa situa\u00e7\u00e3o que, no dia 27 de setembro, completou 23 anos de vida. \u201cDevagarinho ele evolui bem. Saiu da UTI, na quinta-feira foi transferido para a unidade de trauma. Ainda est\u00e1 em situa\u00e7\u00e3o cr\u00edtica e corre risco de vida, mas evolui bem e n\u00e3o precisa mais de respirador\u201d, comemora, com modera\u00e7\u00e3o, a m\u00e3e, que passa o dia todo no hospital ao seu lado desde o in\u00edcio de sua interna\u00e7\u00e3o. Ela enumera as dificuldades e progressos do filho e explica que os m\u00e9dicos ainda n\u00e3o conseguem prever o que pode ser tempor\u00e1rio ou se transformar em alguma sequela.<\/p>\n<p>\u201cEle n\u00e3o fala ainda, mas n\u00e3o se sabe se \u00e9 pelo tempo que passou entubado. Mas conseguimos fazer leitura labial quando ele est\u00e1 mais calmo e menos cansado. Ainda n\u00e3o enxerga, mas seus nervos \u00f3ticos n\u00e3o foram afetados. N\u00e3o move o lado esquerdo, mas, pela minha f\u00e9, sei que vai mover\u201d, diz, sempre buscando o lado positivo. \u201cTenho f\u00e9 de que vou lev\u00e1-lo para casa\u201d, garante, embora os m\u00e9dicos ainda considerem cedo falar em um progn\u00f3stico sobre sua recupera\u00e7\u00e3o. Monica cita ainda uma curiosidade sobre o tratamento: grande f\u00e3 do rapper Travis Scott, o filho reage todas as vezes em que ouve m\u00fasicas dele. &#8220;Sempre coloco para ele, e ele se acalma quando escuta&#8221;. Ela diz que gostaria de, alguma forma, conseguir entrar em contato com o artista para falar sobre a situa\u00e7\u00e3o e, quem sabe, conseguir gravar uma mensagem de apoio para Jo\u00e3o.<\/p>\n<p><strong>Despesas m\u00e9dicas<\/strong><\/p>\n<p>Passado o desespero inicial para salvar a vida do filho, a fam\u00edlia come\u00e7a a pensar nas despesas m\u00e9dicas, uma quest\u00e3o que causa muita apreens\u00e3o nos EUA, onde os procedimentos s\u00e3o extremamente caros. \u201cO per\u00edodo de emerg\u00eancia, onde h\u00e1 risco de vida, o Medicaid cobre, depois a conta \u00e9 nossa\u201d, explica Monica, que acrescenta que o filho n\u00e3o tem seguro de sa\u00fade. \u201cE sabemos que \u2013 em longo prazo \u2013 vai passar de milh\u00f5es\u201d. \u201cOs m\u00e9dicos j\u00e1 disseram, por exemplo, que temos que ter uma casa adaptada, e sabemos que vai haver uma longa recupera\u00e7\u00e3o f\u00edsica e neurol\u00f3gica, com muita fisioterapia tamb\u00e9m. Al\u00e9m disso, Jo\u00e3o n\u00e3o poder\u00e1 trabalhar por um bom tempo\u201d, lembra a m\u00e3e. Um amigo da fam\u00edlia criou uma campanha no site GoFundMe para arrecadar US$ 50 mil para despesas emergenciais, e o valor j\u00e1 foi quase alcan\u00e7ado, mas n\u00e3o ser\u00e1 suficiente. O pai de Jo\u00e3o tamb\u00e9m disponibiliza uma conta (veja abaixo) e um amigo cadastrou uma chave PIX para receber doa\u00e7\u00f5es vindas do Brasil. Antonio Flavio Passos Marchezani CEF &#8211; AG: 3216 (OP:001) &#8211; C\/C: 1157-7 CPF: 256.532.838-94<\/p>\n","protected":false},"excerpt":{"rendered":"<p>O brasileiro Jo\u00e3o Pedro Elisei Marchezani, de 23 anos, est\u00e1 h\u00e1 quase um m\u00eas internado em estado cr\u00edtico ap\u00f3s ter sido baleado na cabe\u00e7a em Chicago, nos Estados Unidos. Segundo sua m\u00e3e, Monica Elisei Marchezani, a situa\u00e7\u00e3o, totalmente gratuita, devastou completamente a fam\u00edlia. Jo\u00e3o estava com a namorada e uma amiga no banco de tr\u00e1s do carro de um amigo, indo a um bar, na madrugada de 5 de setembro, quando o motorista percebeu pelo retrovisor que eles estavam sendo seguidos por um motociclista armado. Com medo de um assalto, ele desviou e \u201cfechou\u201d o condutor da moto. Logo depois, [&hellip;]<\/p>\n","protected":false},"author":1,"featured_media":49730,"comment_status":"open","ping_status":"closed","sticky":false,"template":"","format":"standard","meta":{"_links_to":"","_links_to_target":""},"categories":[4,3,1],"tags":[],"views":1669,"_links":{"self":[{"href":"https:\/\/www.brazilianpress.com\/v1\/wp-json\/wp\/v2\/posts\/49729"}],"collection":[{"href":"https:\/\/www.brazilianpress.com\/v1\/wp-json\/wp\/v2\/posts"}],"about":[{"href":"https:\/\/www.brazilianpress.com\/v1\/wp-json\/wp\/v2\/types\/post"}],"author":[{"embeddable":true,"href":"https:\/\/www.brazilianpress.com\/v1\/wp-json\/wp\/v2\/users\/1"}],"replies":[{"embeddable":true,"href":"https:\/\/www.brazilianpress.com\/v1\/wp-json\/wp\/v2\/comments?post=49729"}],"version-history":[{"count":1,"href":"https:\/\/www.brazilianpress.com\/v1\/wp-json\/wp\/v2\/posts\/49729\/revisions"}],"predecessor-version":[{"id":49731,"href":"https:\/\/www.brazilianpress.com\/v1\/wp-json\/wp\/v2\/posts\/49729\/revisions\/49731"}],"wp:featuredmedia":[{"embeddable":true,"href":"https:\/\/www.brazilianpress.com\/v1\/wp-json\/wp\/v2\/media\/49730"}],"wp:attachment":[{"href":"https:\/\/www.brazilianpress.com\/v1\/wp-json\/wp\/v2\/media?parent=49729"}],"wp:term":[{"taxonomy":"category","embeddable":true,"href":"https:\/\/www.brazilianpress.com\/v1\/wp-json\/wp\/v2\/categories?post=49729"},{"taxonomy":"post_tag","embeddable":true,"href":"https:\/\/www.brazilianpress.com\/v1\/wp-json\/wp\/v2\/tags?post=49729"}],"curies":[{"name":"wp","href":"https:\/\/api.w.org\/{rel}","templated":true}]}}