{"id":49732,"date":"2021-10-02T13:12:44","date_gmt":"2021-10-02T17:12:44","guid":{"rendered":"https:\/\/www.brazilianpress.com\/v1\/?p=49732"},"modified":"2021-10-02T13:12:44","modified_gmt":"2021-10-02T17:12:44","slug":"treinando-na-toca-da-raposa-sassa-entra-em-litigio-com-maritimo-e-tem-futuro-indefinido","status":"publish","type":"post","link":"https:\/\/www.brazilianpress.com\/v1\/2021\/10\/02\/treinando-na-toca-da-raposa-sassa-entra-em-litigio-com-maritimo-e-tem-futuro-indefinido\/","title":{"rendered":"Treinando na Toca da Raposa, Sass\u00e1 entra em lit\u00edgio com Mar\u00edtimo e tem futuro indefinido"},"content":{"rendered":"<p><strong>A passagem de Sass\u00e1 pelo Mar\u00edtimo, de Portugual, est\u00e1 chegando ao fim de forma pouco amig\u00e1vel. O clube portugu\u00eas afirma n\u00e3o contar mais com o jogador e pretende demitir o brasileiro por justa causa. J\u00e1 o brasileiro diz que acionar\u00e1 a Justi\u00e7a contra o clube portugu\u00eas.<\/strong><\/p>\n<p>Atualmente, se recuperando de les\u00e3o, o atleta ainda tem v\u00ednculo com o Cruzeiro, se disse surpreso com a decis\u00e3o e espera uma defini\u00e7\u00e3o.<\/p>\n<p>Em mar\u00e7o, ap\u00f3s les\u00e3o no joelho esquerdo, o atleta optou por fazer a recupera\u00e7\u00e3o no Brasil &#8211; de acordo com o jornal portugu\u00eas A Bola, a op\u00e7\u00e3o n\u00e3o agradou o Mar\u00edtimo. O clube portugu\u00eas, que liberou o atleta para se recuperar no Brasil, afirma que vai invocar a cl\u00e1usula de justa causa porque o jogador n\u00e3o teria se reapresentado na data correta.<\/p>\n<p>De acordo com a assessoria do atleta, Sass\u00e1 acionou o clube para voltar ao pa\u00eds desde julho e n\u00e3o foi respondido. Ainda de acordo com o staff do atacante, com o rompimento do v\u00ednculo, Sass\u00e1 est\u00e1 vinculado ao Cruzeiro neste momento, j\u00e1 que \u00e9 ligado ao clube at\u00e9 31 de dezembro de 2021, quando estar\u00e1 livre no mercado &#8211; j\u00e1 podendo, inclusive, assinar um pr\u00e9-contrato com qualquer clube.<\/p>\n<p>Assessoria do Cruzeiro foi consultada pela reportagem e afirmou que como se trata de uma quest\u00e3o juridica em curso, o clube n\u00e3o vai emitir coment\u00e1rios por enquanto. Em Portugal, o jogador fez apenas sete jogos e n\u00e3o marcou nenhum gol. O atleta foi emprestado em janeiro, para aliviar a folha salarial celeste. Antes, a segunda passagem do centroavante pela Raposa tamb\u00e9m foi apagada. Ap\u00f3s retornar de empr\u00e9stimo ao Coritiba, jogou 11 vezes e n\u00e3o balan\u00e7ou as redes. Ao todo, s\u00e3o 81 partidas e 20 gols com camisa celeste.<\/p>\n<p>&nbsp;<\/p>\n","protected":false},"excerpt":{"rendered":"<p>A passagem de Sass\u00e1 pelo Mar\u00edtimo, de Portugual, est\u00e1 chegando ao fim de forma pouco amig\u00e1vel. O clube portugu\u00eas afirma n\u00e3o contar mais com o jogador e pretende demitir o brasileiro por justa causa. J\u00e1 o brasileiro diz que acionar\u00e1 a Justi\u00e7a contra o clube portugu\u00eas. Atualmente, se recuperando de les\u00e3o, o atleta ainda tem v\u00ednculo com o Cruzeiro, se disse surpreso com a decis\u00e3o e espera uma defini\u00e7\u00e3o. Em mar\u00e7o, ap\u00f3s les\u00e3o no joelho esquerdo, o atleta optou por fazer a recupera\u00e7\u00e3o no Brasil &#8211; de acordo com o jornal portugu\u00eas A Bola, a op\u00e7\u00e3o n\u00e3o agradou o Mar\u00edtimo. [&hellip;]<\/p>\n","protected":false},"author":1,"featured_media":49733,"comment_status":"open","ping_status":"closed","sticky":false,"template":"","format":"standard","meta":{"_links_to":"","_links_to_target":""},"categories":[9,1],"tags":[],"views":875,"_links":{"self":[{"href":"https:\/\/www.brazilianpress.com\/v1\/wp-json\/wp\/v2\/posts\/49732"}],"collection":[{"href":"https:\/\/www.brazilianpress.com\/v1\/wp-json\/wp\/v2\/posts"}],"about":[{"href":"https:\/\/www.brazilianpress.com\/v1\/wp-json\/wp\/v2\/types\/post"}],"author":[{"embeddable":true,"href":"https:\/\/www.brazilianpress.com\/v1\/wp-json\/wp\/v2\/users\/1"}],"replies":[{"embeddable":true,"href":"https:\/\/www.brazilianpress.com\/v1\/wp-json\/wp\/v2\/comments?post=49732"}],"version-history":[{"count":1,"href":"https:\/\/www.brazilianpress.com\/v1\/wp-json\/wp\/v2\/posts\/49732\/revisions"}],"predecessor-version":[{"id":49734,"href":"https:\/\/www.brazilianpress.com\/v1\/wp-json\/wp\/v2\/posts\/49732\/revisions\/49734"}],"wp:featuredmedia":[{"embeddable":true,"href":"https:\/\/www.brazilianpress.com\/v1\/wp-json\/wp\/v2\/media\/49733"}],"wp:attachment":[{"href":"https:\/\/www.brazilianpress.com\/v1\/wp-json\/wp\/v2\/media?parent=49732"}],"wp:term":[{"taxonomy":"category","embeddable":true,"href":"https:\/\/www.brazilianpress.com\/v1\/wp-json\/wp\/v2\/categories?post=49732"},{"taxonomy":"post_tag","embeddable":true,"href":"https:\/\/www.brazilianpress.com\/v1\/wp-json\/wp\/v2\/tags?post=49732"}],"curies":[{"name":"wp","href":"https:\/\/api.w.org\/{rel}","templated":true}]}}