{"id":49735,"date":"2021-10-02T13:14:20","date_gmt":"2021-10-02T17:14:20","guid":{"rendered":"https:\/\/www.brazilianpress.com\/v1\/?p=49735"},"modified":"2021-10-02T13:14:20","modified_gmt":"2021-10-02T17:14:20","slug":"cuca-exime-nathan-silva-de-culpa-por-eliminacao-do-atletico-mg-nivel-selecao-brasileira","status":"publish","type":"post","link":"https:\/\/www.brazilianpress.com\/v1\/2021\/10\/02\/cuca-exime-nathan-silva-de-culpa-por-eliminacao-do-atletico-mg-nivel-selecao-brasileira\/","title":{"rendered":"Cuca exime Nathan Silva de culpa por elimina\u00e7\u00e3o do Atl\u00e9tico-MG: &#8220;N\u00edvel sele\u00e7\u00e3o brasileira&#8221;"},"content":{"rendered":"<p><strong>O Atl\u00e9tico-MG esteve muito perto de se classificar \u00e0 final da Libertadores, mas acabou eliminado pelo Palmeiras, nessa ter\u00e7a-feira, no Mineir\u00e3o, justamente em uma falha do seu ponto mais forte: a defesa. No lance do gol palmeirense, Nathan Silva foi batido e os paulistas arrancaram o empate.<\/strong><\/p>\n<p>Quem saiu na frente na partida foi o Galo, com um gol de Vargas, j\u00e1 no segundo tempo. O chileno at\u00e9 teve a chance de ampliar, mas acabou perdendo uma grande oportunidade. Pouco tempo depois, Gabriel Veron, que havia acabado de entrar, ganhou do zagueiro atleticano no corpo, foi \u00e0 linha de fundo e achou Dudu, que estufou a rede &#8211;\u00a0o primeiro tento sofrido no mata-mata da competi\u00e7\u00e3o.<\/p>\n<p>Para o t\u00e9cnico Cuca, um erro normal para um defensor, j\u00e1 que ele estava de costas para o atacante e usa o contato com o advers\u00e1rio para tomar a frente, girar e ficar com a bola. Mas para o treinador, a culpa n\u00e3o foi de Nathan. Pelo contr\u00e1rio, foi s\u00f3 elogios ao camisa 40.<\/p>\n<p>&#8211; Esse menino \u00e9 um cara que ajustou nosso sistema defensivo, um jogador que futuramente vai ser n\u00edvel sele\u00e7\u00e3o brasileira, muito em breve. Ele tem todos os requisitos: for\u00e7a, velocidade, cabeceio, sa\u00edda de jogo. Ent\u00e3o ele n\u00e3o pode se abater porque tivemos um erro. N\u00e3o foi ele que errou, fomos n\u00f3s.<\/p>\n<p>Segundo o comandante atleticano, os erros n\u00e3o s\u00e3o assumidos individualmente, mas, sim, de forma coletiva. O mesmo serve para Hulk, que perdeu um p\u00eanalti no jogo de ida e que, se tivesse entrado, teria mudado a hist\u00f3ria do confronto.<\/p>\n<p>&#8211; \u00c9 um grupo, \u00e9 uma fam\u00edlia que a gente est\u00e1 criando. Ent\u00e3o, na hora de uma dor dessas, vamos dividir um pouquinho cada um, e s\u00f3 assim as coisas v\u00e3o seguir firmes no nosso caminho.<\/p>\n<p>Al\u00e9m disso, o treinador ressaltou as oportunidades que o Atl\u00e9tico teve para matar o jogo, mas n\u00e3o converteu, o maior tempo com a bola no p\u00e9 e o n\u00famero de finaliza\u00e7\u00f5es a mais que o Verd\u00e3o.<\/p>\n<p>T\u00ednhamos o controle do jogo total, estava pronto para fazer o segundo quando tivemos um erro e tomamos o gol.<\/p>\n<p>Cuca ainda revelou que Savarino n\u00e3o come\u00e7ou a partida como titular pois s\u00f3 tinha condi\u00e7\u00f5es de atuar por 30 minutos e celebrou o papel dos torcedores no Gigante da Pampulha, empurrando o time at\u00e9 o fim.<\/p>\n<p>&#8211; Deixou o time mais acesso, mais vivo. Com eles a gente ficou muito mais fortes, sem d\u00favida nenhuma.<\/p>\n<p>&nbsp;<\/p>\n","protected":false},"excerpt":{"rendered":"<p>O Atl\u00e9tico-MG esteve muito perto de se classificar \u00e0 final da Libertadores, mas acabou eliminado pelo Palmeiras, nessa ter\u00e7a-feira, no Mineir\u00e3o, justamente em uma falha do seu ponto mais forte: a defesa. No lance do gol palmeirense, Nathan Silva foi batido e os paulistas arrancaram o empate. Quem saiu na frente na partida foi o Galo, com um gol de Vargas, j\u00e1 no segundo tempo. O chileno at\u00e9 teve a chance de ampliar, mas acabou perdendo uma grande oportunidade. Pouco tempo depois, Gabriel Veron, que havia acabado de entrar, ganhou do zagueiro atleticano no corpo, foi \u00e0 linha de fundo [&hellip;]<\/p>\n","protected":false},"author":1,"featured_media":49736,"comment_status":"open","ping_status":"closed","sticky":false,"template":"","format":"standard","meta":{"_links_to":"","_links_to_target":""},"categories":[9,1],"tags":[],"views":943,"_links":{"self":[{"href":"https:\/\/www.brazilianpress.com\/v1\/wp-json\/wp\/v2\/posts\/49735"}],"collection":[{"href":"https:\/\/www.brazilianpress.com\/v1\/wp-json\/wp\/v2\/posts"}],"about":[{"href":"https:\/\/www.brazilianpress.com\/v1\/wp-json\/wp\/v2\/types\/post"}],"author":[{"embeddable":true,"href":"https:\/\/www.brazilianpress.com\/v1\/wp-json\/wp\/v2\/users\/1"}],"replies":[{"embeddable":true,"href":"https:\/\/www.brazilianpress.com\/v1\/wp-json\/wp\/v2\/comments?post=49735"}],"version-history":[{"count":1,"href":"https:\/\/www.brazilianpress.com\/v1\/wp-json\/wp\/v2\/posts\/49735\/revisions"}],"predecessor-version":[{"id":49737,"href":"https:\/\/www.brazilianpress.com\/v1\/wp-json\/wp\/v2\/posts\/49735\/revisions\/49737"}],"wp:featuredmedia":[{"embeddable":true,"href":"https:\/\/www.brazilianpress.com\/v1\/wp-json\/wp\/v2\/media\/49736"}],"wp:attachment":[{"href":"https:\/\/www.brazilianpress.com\/v1\/wp-json\/wp\/v2\/media?parent=49735"}],"wp:term":[{"taxonomy":"category","embeddable":true,"href":"https:\/\/www.brazilianpress.com\/v1\/wp-json\/wp\/v2\/categories?post=49735"},{"taxonomy":"post_tag","embeddable":true,"href":"https:\/\/www.brazilianpress.com\/v1\/wp-json\/wp\/v2\/tags?post=49735"}],"curies":[{"name":"wp","href":"https:\/\/api.w.org\/{rel}","templated":true}]}}