{"id":49749,"date":"2021-10-02T13:29:34","date_gmt":"2021-10-02T17:29:34","guid":{"rendered":"https:\/\/www.brazilianpress.com\/v1\/?p=49749"},"modified":"2021-10-02T13:29:34","modified_gmt":"2021-10-02T17:29:34","slug":"comediante-brasileiro-se-reinventa-na-pandemia-e-alcanca-publico-ate-nos-eua","status":"publish","type":"post","link":"https:\/\/www.brazilianpress.com\/v1\/2021\/10\/02\/comediante-brasileiro-se-reinventa-na-pandemia-e-alcanca-publico-ate-nos-eua\/","title":{"rendered":"Comediante brasileiro se reinventa na pandemia e alcan\u00e7a p\u00fablico at\u00e9 nos EUA"},"content":{"rendered":"<p><strong>O humorista e jornalista brasileiro Ricardo Bello n\u00e3o p\u00e1ra. Com a proibi\u00e7\u00e3o de eventos, em v\u00e1rias partes do mundo, para evitar a contamina\u00e7\u00e3o por Covid-19, os shows de stand-up comedy que ele costumava fazer para divertir o p\u00fablico, foram literalmente suspensos.<\/strong><\/p>\n<p>A alternativa foi continuar os trabalhos on-line. Hoje em dia, Ricardo, que \u00e9 mineiro de Belo Horizonte, participa semanalmente do programa A Casa \u00e9 Sua, da r\u00e1dio Cidade em Dia de Crici\u00fama, no estado de Santa Catarina. &#8221; Acho isso muito legal. O p\u00fablico do Sul me acolheu muito bem e sigo divertindo as pessoas com bom humor e informando tamb\u00e9m sobre diversos eventos on-line&#8221;, comenta Ricardo.<\/p>\n<p>A visita do p\u00fablico de lugares distantes tamb\u00e9m acontece em seu blog, Revista de Cultura, onde posta not\u00edcias diversas e recebe diariamente leitores de v\u00e1rias partes do mundo, inclusive dos Estados Unidos &#8221; Fico muito feliz de pesquisar os locais de onde vieram os leitores do blog e ver pa\u00edses diferentes. Tem realmente muita gente dos Estados Unidos. Ainda n\u00e3o tive oportunidade de estar a\u00ed passeando ou fazendo shows de stand-up, mas assim que a pandemia melhorar \u00e9 uma possibilidade. Seria genial levar um pouco de alegria aos brasileiros que vivem nos states com meu show de com\u00e9dia. Literalmente um sonho realizando&#8221; revela Bello com exclusividade ao Brazilian Press.<\/p>\n<p>Para conhecer mais do trabalho de Ricardo Bello, acesse <a href=\"http:\/\/www.revistadecultura.blogspot.com\">www.revistadecultura.blogspot.com<\/a> e seu Instagram @ricardobellooficial<\/p>\n","protected":false},"excerpt":{"rendered":"<p>O humorista e jornalista brasileiro Ricardo Bello n\u00e3o p\u00e1ra. Com a proibi\u00e7\u00e3o de eventos, em v\u00e1rias partes do mundo, para evitar a contamina\u00e7\u00e3o por Covid-19, os shows de stand-up comedy que ele costumava fazer para divertir o p\u00fablico, foram literalmente suspensos. A alternativa foi continuar os trabalhos on-line. Hoje em dia, Ricardo, que \u00e9 mineiro de Belo Horizonte, participa semanalmente do programa A Casa \u00e9 Sua, da r\u00e1dio Cidade em Dia de Crici\u00fama, no estado de Santa Catarina. &#8221; Acho isso muito legal. O p\u00fablico do Sul me acolheu muito bem e sigo divertindo as pessoas com bom humor e [&hellip;]<\/p>\n","protected":false},"author":1,"featured_media":49750,"comment_status":"open","ping_status":"closed","sticky":false,"template":"","format":"standard","meta":{"_links_to":"","_links_to_target":""},"categories":[4,1],"tags":[],"views":1167,"_links":{"self":[{"href":"https:\/\/www.brazilianpress.com\/v1\/wp-json\/wp\/v2\/posts\/49749"}],"collection":[{"href":"https:\/\/www.brazilianpress.com\/v1\/wp-json\/wp\/v2\/posts"}],"about":[{"href":"https:\/\/www.brazilianpress.com\/v1\/wp-json\/wp\/v2\/types\/post"}],"author":[{"embeddable":true,"href":"https:\/\/www.brazilianpress.com\/v1\/wp-json\/wp\/v2\/users\/1"}],"replies":[{"embeddable":true,"href":"https:\/\/www.brazilianpress.com\/v1\/wp-json\/wp\/v2\/comments?post=49749"}],"version-history":[{"count":1,"href":"https:\/\/www.brazilianpress.com\/v1\/wp-json\/wp\/v2\/posts\/49749\/revisions"}],"predecessor-version":[{"id":49751,"href":"https:\/\/www.brazilianpress.com\/v1\/wp-json\/wp\/v2\/posts\/49749\/revisions\/49751"}],"wp:featuredmedia":[{"embeddable":true,"href":"https:\/\/www.brazilianpress.com\/v1\/wp-json\/wp\/v2\/media\/49750"}],"wp:attachment":[{"href":"https:\/\/www.brazilianpress.com\/v1\/wp-json\/wp\/v2\/media?parent=49749"}],"wp:term":[{"taxonomy":"category","embeddable":true,"href":"https:\/\/www.brazilianpress.com\/v1\/wp-json\/wp\/v2\/categories?post=49749"},{"taxonomy":"post_tag","embeddable":true,"href":"https:\/\/www.brazilianpress.com\/v1\/wp-json\/wp\/v2\/tags?post=49749"}],"curies":[{"name":"wp","href":"https:\/\/api.w.org\/{rel}","templated":true}]}}