{"id":49755,"date":"2021-10-02T13:36:14","date_gmt":"2021-10-02T17:36:14","guid":{"rendered":"https:\/\/www.brazilianpress.com\/v1\/?p=49755"},"modified":"2021-10-02T13:36:14","modified_gmt":"2021-10-02T17:36:14","slug":"estado-da-florida-move-acao-contra-governo-biden-por-causa-da-politica-de-imigracao","status":"publish","type":"post","link":"https:\/\/www.brazilianpress.com\/v1\/2021\/10\/02\/estado-da-florida-move-acao-contra-governo-biden-por-causa-da-politica-de-imigracao\/","title":{"rendered":"Estado da Fl\u00f3rida move a\u00e7\u00e3o contra governo Biden por causa da pol\u00edtica de imigra\u00e7\u00e3o"},"content":{"rendered":"<p><strong>O estado da Fl\u00f3rida moveu uma a\u00e7\u00e3o contra a administra\u00e7\u00e3o do presidente, Joe Biden, pela pol\u00edtica de imigra\u00e7\u00e3o conhecida como &#8220;catch and release&#8221;, que permite a libera\u00e7\u00e3o de imigrantes indocumentados que foram detidos ap\u00f3s cruzarem a fronteira.<\/strong><\/p>\n<p>\u201cAs pol\u00edticas ilegais de fronteira do governo Biden prejudicam\u201d os \u201cinteresses quase soberanos\u201d deste Estado ao obrig\u00e1-lo a \u201cincorrer em despesas de milh\u00f5es de d\u00f3lares\u201d, enfatiza a a\u00e7\u00e3o, movida pela procuradora Ashley Moody, da Justi\u00e7a federal em Pensacola, Fl\u00f3rida.<\/p>\n<p>&#8220;Queremos que as pol\u00edticas predecessoras&#8221; do governo Donald Trump (2017-2021) sobre imigra\u00e7\u00e3o sejam reintegradas, disse o governador da Fl\u00f3rida, Ron DeSantis, em uma entrevista coletiva na qual criticou o que considera &#8220;pol\u00edticas de migra\u00e7\u00e3o destrutivas&#8221; e &#8220;fronteiras abertas\u201d.<\/p>\n<p>O governador disse que desde que o democrata Biden assumiu o cargo em janeiro passado, a Patrulha da Fronteira &#8220;liberou quase 250 mil imigrantes ilegais&#8221; no pa\u00eds. &#8220;\u00c9 absolutamente uma crise&#8221;, disse DeSantis, que aproveitou a entrevista coletiva para anunciar a nomea\u00e7\u00e3o do ex-procurador federal Larry Keefe como o novo comandante da Seguran\u00e7a P\u00fablica do estado.<\/p>\n<p>DeSantis disse que a crise foi criada ap\u00f3s a elimina\u00e7\u00e3o de pol\u00edticas de imigra\u00e7\u00e3o como &#8220;Permanecer no M\u00e9xico&#8221;, estabelecidas em 2019 pelo republicano Trump, seu padrinho pol\u00edtico, atualmente alvo de uma batalha judicial, e pela qual cerca de 70.000 migrantes foram for\u00e7ados a esperar no pa\u00eds vizinho a evolu\u00e7\u00e3o dos seus pedidos de asilo.<\/p>\n<p>O governador disse que muitos desses requerentes de asilo &#8220;nem sequer se qualificam&#8221; para isso, e sim os n\u00fameros &#8220;falam por si&#8221;. O Escrit\u00f3rio de Alf\u00e2ndega e Prote\u00e7\u00e3o de Fronteiras revelou que em agosto mais de 208.000 imigrantes ilegais foram apreendidos na fronteira sul dos Estados Unidos, 2% a menos que os mais de 212.000 em julho, o pico mais alto dos \u00faltimos 20 anos. O governador observou que em julho mais de 60.000 estrangeiros ilegais foram detidos e posteriormente libertados pela Patrulha de Fronteira, um &#8220;aumento gigantesco&#8221; dos 1.324 dessa categoria que foram libertados em janeiro.<\/p>\n<p>Ele acrescentou que no \u00faltimo m\u00eas da administra\u00e7\u00e3o Trump, apenas 17 pessoas que se enquadraram nessa categoria foram liberadas. O processo \u00e9 contra o Departamento de Seguran\u00e7a Interna (DHS) e ag\u00eancias subordinadas, como o Servi\u00e7o de Imigra\u00e7\u00e3o e Fiscaliza\u00e7\u00e3o Alfandeg\u00e1ria (ICE), bem como o Secret\u00e1rio de Seguran\u00e7a Interna, Alejandro Mayorkas, a quem DeSantis, conforme lembrado hoje, perguntou a ele no m\u00eas passado para restabelecer as pol\u00edticas de imigra\u00e7\u00e3o de Trump.<\/p>\n<p>O promotor Moody afirmou que a Fl\u00f3rida gasta cerca de US $ 100 milh\u00f5es a cada ano para &#8220;encarcerar pessoas indocumentadas&#8221;, al\u00e9m de outros valores adicionais relacionados a servi\u00e7os sociais.<\/p>\n<p>\u201cOs cart\u00e9is de drogas est\u00e3o fazendo um piquenique, est\u00e3o vendo seus lucros aumentarem\u201d, exclamou Moody. Na confer\u00eancia, DeSantis anunciou a assinatura de uma ordem executiva que, entre outras coisas, pro\u00edbe todas as ag\u00eancias da Fl\u00f3rida sob a al\u00e7ada do governador de &#8220;facilitar a imigra\u00e7\u00e3o ilegal&#8221; para este estado, al\u00e9m de pedir-lhes que coletem informa\u00e7\u00f5es. &#8220;Sobre o escopo e custos da imigra\u00e7\u00e3o ilegal &#8220;. Ele especificou que Keefe ficar\u00e1 encarregado de supervisionar a ordem, bem como tudo relacionado \u00e0 imigra\u00e7\u00e3o neste estado.<\/p>\n","protected":false},"excerpt":{"rendered":"<p>O estado da Fl\u00f3rida moveu uma a\u00e7\u00e3o contra a administra\u00e7\u00e3o do presidente, Joe Biden, pela pol\u00edtica de imigra\u00e7\u00e3o conhecida como &#8220;catch and release&#8221;, que permite a libera\u00e7\u00e3o de imigrantes indocumentados que foram detidos ap\u00f3s cruzarem a fronteira. \u201cAs pol\u00edticas ilegais de fronteira do governo Biden prejudicam\u201d os \u201cinteresses quase soberanos\u201d deste Estado ao obrig\u00e1-lo a \u201cincorrer em despesas de milh\u00f5es de d\u00f3lares\u201d, enfatiza a a\u00e7\u00e3o, movida pela procuradora Ashley Moody, da Justi\u00e7a federal em Pensacola, Fl\u00f3rida. &#8220;Queremos que as pol\u00edticas predecessoras&#8221; do governo Donald Trump (2017-2021) sobre imigra\u00e7\u00e3o sejam reintegradas, disse o governador da Fl\u00f3rida, Ron DeSantis, em uma entrevista [&hellip;]<\/p>\n","protected":false},"author":1,"featured_media":47076,"comment_status":"open","ping_status":"closed","sticky":false,"template":"","format":"standard","meta":{"_links_to":"","_links_to_target":""},"categories":[3,1,10],"tags":[],"views":1075,"_links":{"self":[{"href":"https:\/\/www.brazilianpress.com\/v1\/wp-json\/wp\/v2\/posts\/49755"}],"collection":[{"href":"https:\/\/www.brazilianpress.com\/v1\/wp-json\/wp\/v2\/posts"}],"about":[{"href":"https:\/\/www.brazilianpress.com\/v1\/wp-json\/wp\/v2\/types\/post"}],"author":[{"embeddable":true,"href":"https:\/\/www.brazilianpress.com\/v1\/wp-json\/wp\/v2\/users\/1"}],"replies":[{"embeddable":true,"href":"https:\/\/www.brazilianpress.com\/v1\/wp-json\/wp\/v2\/comments?post=49755"}],"version-history":[{"count":1,"href":"https:\/\/www.brazilianpress.com\/v1\/wp-json\/wp\/v2\/posts\/49755\/revisions"}],"predecessor-version":[{"id":49756,"href":"https:\/\/www.brazilianpress.com\/v1\/wp-json\/wp\/v2\/posts\/49755\/revisions\/49756"}],"wp:featuredmedia":[{"embeddable":true,"href":"https:\/\/www.brazilianpress.com\/v1\/wp-json\/wp\/v2\/media\/47076"}],"wp:attachment":[{"href":"https:\/\/www.brazilianpress.com\/v1\/wp-json\/wp\/v2\/media?parent=49755"}],"wp:term":[{"taxonomy":"category","embeddable":true,"href":"https:\/\/www.brazilianpress.com\/v1\/wp-json\/wp\/v2\/categories?post=49755"},{"taxonomy":"post_tag","embeddable":true,"href":"https:\/\/www.brazilianpress.com\/v1\/wp-json\/wp\/v2\/tags?post=49755"}],"curies":[{"name":"wp","href":"https:\/\/api.w.org\/{rel}","templated":true}]}}