{"id":49761,"date":"2021-10-03T09:48:24","date_gmt":"2021-10-03T13:48:24","guid":{"rendered":"https:\/\/www.brazilianpress.com\/v1\/?p=49761"},"modified":"2021-10-03T09:48:24","modified_gmt":"2021-10-03T13:48:24","slug":"atencao-novo-voo-com-deportados-brasileiros-decola-dos-eua-nesta-quinta-feira","status":"publish","type":"post","link":"https:\/\/www.brazilianpress.com\/v1\/2021\/10\/03\/atencao-novo-voo-com-deportados-brasileiros-decola-dos-eua-nesta-quinta-feira\/","title":{"rendered":"Aten\u00e7\u00e3o: Novo voo com deportados brasileiros decola dos EUA nesta quinta-feira"},"content":{"rendered":"<p><strong>O governo dos Estados Unidos programou para a pr\u00f3xima quinta-feira (7), mais um voo trazendo brasileiros retidos na fronteira e que ser\u00e3o deportados ao Brasil. Como de costume, o voo tem como destino o aeroporto internacional de Confins, na grande Belo Horizonte e ser\u00e1 novamente operado pela empresa Swift Air, especializada em fretamentos especiais.<\/strong><\/p>\n<p>A programa\u00e7\u00e3o, que j\u00e1 est\u00e1 aprovada na ANAC, \u00e9 a seguinte: DIA 8 DE OUTUBRO \u2013 o Boeing 737-800 da Swift Air decola da Louisiana, faz uma para em Guayaquil, no Equador, antes de seguir para Belo Horizonte. O pouso na capital mineira est\u00e1 previsto para 13h00 com n\u00famero de voo SWQ-3526. DIA 9 DE OUTUBRO \u2013 a aeronave decola de Belo Horizonte \u00e0s 8h da manh\u00e3 e faz uma parada no Equador, antes de retornar \u00e0 sua base nos Estados Unidos.<\/p>\n<p>H\u00e1 cerca de dois meses, os Estados Unidos informaram que estavam acelerando o processo de deporta\u00e7\u00e3o dos imigrantes considerados ilegais, que haviam sido retidos na fronteira. O motivo da pressa, segundo o governo Biden, devia-se \u00e0 preocupa\u00e7\u00e3o com a dissemina\u00e7\u00e3o de variantes do coronav\u00edrus no territ\u00f3rio americano. Com informa\u00e7\u00f5es do site Aeroin.net<\/p>\n","protected":false},"excerpt":{"rendered":"<p>O governo dos Estados Unidos programou para a pr\u00f3xima quinta-feira (7), mais um voo trazendo brasileiros retidos na fronteira e que ser\u00e3o deportados ao Brasil. Como de costume, o voo tem como destino o aeroporto internacional de Confins, na grande Belo Horizonte e ser\u00e1 novamente operado pela empresa Swift Air, especializada em fretamentos especiais. A programa\u00e7\u00e3o, que j\u00e1 est\u00e1 aprovada na ANAC, \u00e9 a seguinte: DIA 8 DE OUTUBRO \u2013 o Boeing 737-800 da Swift Air decola da Louisiana, faz uma para em Guayaquil, no Equador, antes de seguir para Belo Horizonte. O pouso na capital mineira est\u00e1 previsto para [&hellip;]<\/p>\n","protected":false},"author":1,"featured_media":42411,"comment_status":"open","ping_status":"closed","sticky":false,"template":"","format":"standard","meta":{"_links_to":"","_links_to_target":""},"categories":[4,3,1],"tags":[],"views":1419,"_links":{"self":[{"href":"https:\/\/www.brazilianpress.com\/v1\/wp-json\/wp\/v2\/posts\/49761"}],"collection":[{"href":"https:\/\/www.brazilianpress.com\/v1\/wp-json\/wp\/v2\/posts"}],"about":[{"href":"https:\/\/www.brazilianpress.com\/v1\/wp-json\/wp\/v2\/types\/post"}],"author":[{"embeddable":true,"href":"https:\/\/www.brazilianpress.com\/v1\/wp-json\/wp\/v2\/users\/1"}],"replies":[{"embeddable":true,"href":"https:\/\/www.brazilianpress.com\/v1\/wp-json\/wp\/v2\/comments?post=49761"}],"version-history":[{"count":1,"href":"https:\/\/www.brazilianpress.com\/v1\/wp-json\/wp\/v2\/posts\/49761\/revisions"}],"predecessor-version":[{"id":49762,"href":"https:\/\/www.brazilianpress.com\/v1\/wp-json\/wp\/v2\/posts\/49761\/revisions\/49762"}],"wp:featuredmedia":[{"embeddable":true,"href":"https:\/\/www.brazilianpress.com\/v1\/wp-json\/wp\/v2\/media\/42411"}],"wp:attachment":[{"href":"https:\/\/www.brazilianpress.com\/v1\/wp-json\/wp\/v2\/media?parent=49761"}],"wp:term":[{"taxonomy":"category","embeddable":true,"href":"https:\/\/www.brazilianpress.com\/v1\/wp-json\/wp\/v2\/categories?post=49761"},{"taxonomy":"post_tag","embeddable":true,"href":"https:\/\/www.brazilianpress.com\/v1\/wp-json\/wp\/v2\/tags?post=49761"}],"curies":[{"name":"wp","href":"https:\/\/api.w.org\/{rel}","templated":true}]}}