{"id":49766,"date":"2021-10-05T08:44:50","date_gmt":"2021-10-05T12:44:50","guid":{"rendered":"https:\/\/www.brazilianpress.com\/v1\/?p=49766"},"modified":"2021-10-05T12:04:41","modified_gmt":"2021-10-05T16:04:41","slug":"comunidade-brasileira-nos-eua-chora-pela-perda-de-geralda-costa-newark","status":"publish","type":"post","link":"https:\/\/www.brazilianpress.com\/v1\/2021\/10\/05\/comunidade-brasileira-nos-eua-chora-pela-perda-de-geralda-costa-newark\/","title":{"rendered":"Comunidade brasileira nos EUA chora pela perda de Geralda Costa"},"content":{"rendered":"<p><strong>Na \u00faltima quinta-feira, 30 de setembro, faleceu no Brasil em decorr\u00eancia de um c\u00e2ncer no pulm\u00e3o, Geralda Costa. Morando nos Estados Unidos desde 2002, Geralda recebeu dos m\u00e9dicos h\u00e1 2 semanas a dolorosa not\u00edcia de que a enfermidade havia chegado a um est\u00e1gio terminal e que j\u00e1 n\u00e3o poderiam fazer mais nada por ela.<\/strong><\/p>\n<p>Imediatamente ap\u00f3s saber dessa not\u00edcia, amigos se mobilizaram e organizaram uma campanha para angariar os fundos necess\u00e1rios para viabilizar o retorno dela ao Brasil para que pudesse estar com seus pais nesse momento t\u00e3o dif\u00edcil. A comunidade se mostrou bastante solid\u00e1ria e contribuiu prontamente possibilitando que ela viajasse, tendo desembarcado no Brasil dia 26 de setembro, mas infelizmente dia 30 foi a \u00f3bito.<\/p>\n<p>Geralda sempre foi uma grande guerreira. Enquanto teve sa\u00fade ela trabalhou diariamente na faxina e nos fins de semana completava a renda trabalhando na noite como DJ de karaok\u00ea em bares de Newark. Seu sorriso cativante, o astral sempre positivo e alegria espont\u00e2nea, apesar de todos os problemas que enfrentava,\u00a0conquistou a todos que a conheciam.<\/p>\n<p>Cat\u00f3lica e sempre atuante,\u00a0frequentava a Igreja Saint James em Newark fazendo parte do grupo de cantores do coral.<\/p>\n<p>Dia 07,\u00a0\u00e0s\u00a08h00 p.m.\u00a0ser\u00e1 realizada a missa de 7\u00ba dia em sua inten\u00e7\u00e3o na Igreja Saint James.<\/p>\n<p>A fam\u00edlia agradece a generosidade de todos os amigos que contribu\u00edram ou ajudaram de alguma forma nesses momentos dif\u00edceis. Que Deus aben\u00e7oe a todos.<\/p>\n","protected":false},"excerpt":{"rendered":"<p>Na \u00faltima quinta-feira, 30 de setembro, faleceu no Brasil em decorr\u00eancia de um c\u00e2ncer no pulm\u00e3o, Geralda Costa. Morando nos Estados Unidos desde 2002, Geralda recebeu dos m\u00e9dicos h\u00e1 2 semanas a dolorosa not\u00edcia de que a enfermidade havia chegado a um est\u00e1gio terminal e que j\u00e1 n\u00e3o poderiam fazer mais nada por ela. Imediatamente ap\u00f3s saber dessa not\u00edcia, amigos se mobilizaram e organizaram uma campanha para angariar os fundos necess\u00e1rios para viabilizar o retorno dela ao Brasil para que pudesse estar com seus pais nesse momento t\u00e3o dif\u00edcil. A comunidade se mostrou bastante solid\u00e1ria e contribuiu prontamente possibilitando que [&hellip;]<\/p>\n","protected":false},"author":1,"featured_media":49769,"comment_status":"open","ping_status":"closed","sticky":false,"template":"","format":"standard","meta":{"_links_to":"","_links_to_target":""},"categories":[4,3,1],"tags":[],"views":2223,"_links":{"self":[{"href":"https:\/\/www.brazilianpress.com\/v1\/wp-json\/wp\/v2\/posts\/49766"}],"collection":[{"href":"https:\/\/www.brazilianpress.com\/v1\/wp-json\/wp\/v2\/posts"}],"about":[{"href":"https:\/\/www.brazilianpress.com\/v1\/wp-json\/wp\/v2\/types\/post"}],"author":[{"embeddable":true,"href":"https:\/\/www.brazilianpress.com\/v1\/wp-json\/wp\/v2\/users\/1"}],"replies":[{"embeddable":true,"href":"https:\/\/www.brazilianpress.com\/v1\/wp-json\/wp\/v2\/comments?post=49766"}],"version-history":[{"count":1,"href":"https:\/\/www.brazilianpress.com\/v1\/wp-json\/wp\/v2\/posts\/49766\/revisions"}],"predecessor-version":[{"id":49768,"href":"https:\/\/www.brazilianpress.com\/v1\/wp-json\/wp\/v2\/posts\/49766\/revisions\/49768"}],"wp:featuredmedia":[{"embeddable":true,"href":"https:\/\/www.brazilianpress.com\/v1\/wp-json\/wp\/v2\/media\/49769"}],"wp:attachment":[{"href":"https:\/\/www.brazilianpress.com\/v1\/wp-json\/wp\/v2\/media?parent=49766"}],"wp:term":[{"taxonomy":"category","embeddable":true,"href":"https:\/\/www.brazilianpress.com\/v1\/wp-json\/wp\/v2\/categories?post=49766"},{"taxonomy":"post_tag","embeddable":true,"href":"https:\/\/www.brazilianpress.com\/v1\/wp-json\/wp\/v2\/tags?post=49766"}],"curies":[{"name":"wp","href":"https:\/\/api.w.org\/{rel}","templated":true}]}}