{"id":49776,"date":"2021-10-07T09:56:23","date_gmt":"2021-10-07T13:56:23","guid":{"rendered":"https:\/\/www.brazilianpress.com\/v1\/?p=49776"},"modified":"2021-10-07T09:56:23","modified_gmt":"2021-10-07T13:56:23","slug":"comunidade-departamento-de-policia-de-new-york-esta-com-inscricoes-abertas-para-contratacao","status":"publish","type":"post","link":"https:\/\/www.brazilianpress.com\/v1\/2021\/10\/07\/comunidade-departamento-de-policia-de-new-york-esta-com-inscricoes-abertas-para-contratacao\/","title":{"rendered":"Comunidade: Departamento de Pol\u00edcia de New York est\u00e1 com inscri\u00e7\u00f5es abertas para contrata\u00e7\u00e3o"},"content":{"rendered":"<p><strong>Os interessados em ingressar na Pol\u00edcia de New York podem se inscrever para fazer o exame para trabalhar como policial, anunciou o comiss\u00e1rio de pol\u00edcia Demot, na ter\u00e7a-feira. O objetivo do departamento \u00e9 continuar atraindo um grupo diversificado de candidatos em busca de carreira no servi\u00e7o p\u00fablico no maior Departamento de Pol\u00edcia municipal do pa\u00eds.<\/strong><\/p>\n<p>As inscri\u00e7\u00f5es e o teste inicial ser\u00e3o de 6 de outubro at\u00e9 3 de novembro, a segunda fase de teste acontecer\u00e1 no dia 15 de dezembro e n\u00e3o h\u00e1 cobran\u00e7a de taxa. &#8220;Nossos policiais se comprometem a proteger e servir seus concidad\u00e3os&#8221;, disse o comiss\u00e1rio de pol\u00edcia Dermot Shea.\u00a0\u201cTodos que ingressam no departamento podem encontrar seu pr\u00f3prio caminho para o sucesso dentro dele.\u00a0Eles podem se tornar um investigador da cena do crime, um piloto de helic\u00f3ptero, um oficial de coordena\u00e7\u00e3o de bairro ou um detetive que trabalha incansavelmente para obter justi\u00e7a para as v\u00edtimas.\u00a0Suas contribui\u00e7\u00f5es nos ajudar\u00e3o a desenvolver o trabalho que realizamos para fortalecer nossos la\u00e7os com as comunidades que servimos&#8221;.<\/p>\n<p>\u201cO NYPD oferece sal\u00e1rios e benef\u00edcios competitivos, bem como a chance de servir ao povo da cidade de New York. Portanto, explore as oportunidades dispon\u00edveis no NYPD e considere juntar-se a n\u00f3s para tornar esta grande cidade ainda maior\u201d, afirmou o comiss\u00e1rio. Para se inscrever e obter maiores informa\u00e7\u00f5es, os interessados podem entrar neste link: <a href=\"https:\/\/www1.nyc.gov\/site\/nypd\/careers\/careers.page\" target=\"_blank\" rel=\"noopener noreferrer\" data-saferedirecturl=\"https:\/\/www.google.com\/url?q=https:\/\/www1.nyc.gov\/site\/nypd\/careers\/careers.page&amp;source=gmail&amp;ust=1633700844617000&amp;usg=AFQjCNGHiZ0Uct8fG1Dm_rgZt2R0QHlqkg\">https:\/\/www1.nyc.gov\/site\/<wbr><\/wbr>nypd\/careers\/careers.page<\/a>.<\/p>\n","protected":false},"excerpt":{"rendered":"<p>Os interessados em ingressar na Pol\u00edcia de New York podem se inscrever para fazer o exame para trabalhar como policial, anunciou o comiss\u00e1rio de pol\u00edcia Demot, na ter\u00e7a-feira. O objetivo do departamento \u00e9 continuar atraindo um grupo diversificado de candidatos em busca de carreira no servi\u00e7o p\u00fablico no maior Departamento de Pol\u00edcia municipal do pa\u00eds. As inscri\u00e7\u00f5es e o teste inicial ser\u00e3o de 6 de outubro at\u00e9 3 de novembro, a segunda fase de teste acontecer\u00e1 no dia 15 de dezembro e n\u00e3o h\u00e1 cobran\u00e7a de taxa. &#8220;Nossos policiais se comprometem a proteger e servir seus concidad\u00e3os&#8221;, disse o comiss\u00e1rio [&hellip;]<\/p>\n","protected":false},"author":1,"featured_media":49777,"comment_status":"open","ping_status":"closed","sticky":false,"template":"","format":"standard","meta":{"_links_to":"","_links_to_target":""},"categories":[4,3,1],"tags":[],"views":1142,"_links":{"self":[{"href":"https:\/\/www.brazilianpress.com\/v1\/wp-json\/wp\/v2\/posts\/49776"}],"collection":[{"href":"https:\/\/www.brazilianpress.com\/v1\/wp-json\/wp\/v2\/posts"}],"about":[{"href":"https:\/\/www.brazilianpress.com\/v1\/wp-json\/wp\/v2\/types\/post"}],"author":[{"embeddable":true,"href":"https:\/\/www.brazilianpress.com\/v1\/wp-json\/wp\/v2\/users\/1"}],"replies":[{"embeddable":true,"href":"https:\/\/www.brazilianpress.com\/v1\/wp-json\/wp\/v2\/comments?post=49776"}],"version-history":[{"count":1,"href":"https:\/\/www.brazilianpress.com\/v1\/wp-json\/wp\/v2\/posts\/49776\/revisions"}],"predecessor-version":[{"id":49778,"href":"https:\/\/www.brazilianpress.com\/v1\/wp-json\/wp\/v2\/posts\/49776\/revisions\/49778"}],"wp:featuredmedia":[{"embeddable":true,"href":"https:\/\/www.brazilianpress.com\/v1\/wp-json\/wp\/v2\/media\/49777"}],"wp:attachment":[{"href":"https:\/\/www.brazilianpress.com\/v1\/wp-json\/wp\/v2\/media?parent=49776"}],"wp:term":[{"taxonomy":"category","embeddable":true,"href":"https:\/\/www.brazilianpress.com\/v1\/wp-json\/wp\/v2\/categories?post=49776"},{"taxonomy":"post_tag","embeddable":true,"href":"https:\/\/www.brazilianpress.com\/v1\/wp-json\/wp\/v2\/tags?post=49776"}],"curies":[{"name":"wp","href":"https:\/\/api.w.org\/{rel}","templated":true}]}}