{"id":49785,"date":"2021-10-07T15:43:56","date_gmt":"2021-10-07T19:43:56","guid":{"rendered":"https:\/\/www.brazilianpress.com\/v1\/?p=49785"},"modified":"2021-10-07T15:43:56","modified_gmt":"2021-10-07T19:43:56","slug":"pesquisadores-brasileiros-patentearam-teste-rapido-que-detecta-coronavirus-e-carga-viral-na-saliva","status":"publish","type":"post","link":"https:\/\/www.brazilianpress.com\/v1\/2021\/10\/07\/pesquisadores-brasileiros-patentearam-teste-rapido-que-detecta-coronavirus-e-carga-viral-na-saliva\/","title":{"rendered":"Pesquisadores brasileiros patentearam teste r\u00e1pido que detecta coronav\u00edrus e carga viral na saliva"},"content":{"rendered":"<p><strong>Pesquisadores da UFSCar (Universidade Federal de S\u00e3o Carlos) patentearam um novo teste para detec\u00e7\u00e3o do Sars-cov-2\u00a0na saliva. O dispositivo re\u00fane precis\u00e3o equivalente \u00e0 do teste de RT-PCR, baixo custo e capacidade de analisar v\u00e1rias amostras ao mesmo tempo. Al\u00e9m de detectar a presen\u00e7a do v\u00edrus, o novo teste indica a carga viral da pessoa infectada.<\/strong><\/p>\n<p>A tecnologia usada para detectar o v\u00edrus envolve um marcador com propriedade eletroquimioluminescente (que emite luz a partir de rea\u00e7\u00f5es eletroqu\u00edmicas). Dessa forma, na presen\u00e7a do material gen\u00e9tico do pat\u00f3geno, ocorre uma rea\u00e7\u00e3o que emite luz vermelha, indicando o resultado positivo para a Covid-19. A intensidade da luz vermelha \u00e9 proporcional \u00e0 carga viral presente na amostra. Caso a luz n\u00e3o se acenda, isso \u00e9 sinal de que o v\u00edrus n\u00e3o foi detectado e, portanto, a pessoa n\u00e3o est\u00e1 infectada.<\/p>\n<p>Outra inova\u00e7\u00e3o \u00e9 o fato de o dispositivo poder ser acoplado a um smartphone, o que permite que o processo de amostragem e testagem seja conclu\u00eddo sem a necessidade de profissional especializado. O projeto teve apoio da Fapesp, da Capes (Coordena\u00e7\u00e3o de Aperfei\u00e7oamento de Pessoal de N\u00edvel Superior) e do CNPq (Conselho Nacional de Desenvolvimento Cient\u00edfico e Tecnol\u00f3gico).<\/p>\n<p>\u201cO teste tem as vantagens de ser port\u00e1til, conseguir analisar 20 amostras ao mesmo tempo e poder se conectar a um smartphone. Tudo com a mesma sensibilidade e precis\u00e3o dos testes de RT-PCR\u201d, diz \u00e0 Ag\u00eancia Fapesp Ronaldo Censi Faria, pesquisador do Centro de Ci\u00eancias Exatas e de Tecnologia da UFSCar e coordenador do projeto.<\/p>\n","protected":false},"excerpt":{"rendered":"<p>Pesquisadores da UFSCar (Universidade Federal de S\u00e3o Carlos) patentearam um novo teste para detec\u00e7\u00e3o do Sars-cov-2\u00a0na saliva. O dispositivo re\u00fane precis\u00e3o equivalente \u00e0 do teste de RT-PCR, baixo custo e capacidade de analisar v\u00e1rias amostras ao mesmo tempo. Al\u00e9m de detectar a presen\u00e7a do v\u00edrus, o novo teste indica a carga viral da pessoa infectada. A tecnologia usada para detectar o v\u00edrus envolve um marcador com propriedade eletroquimioluminescente (que emite luz a partir de rea\u00e7\u00f5es eletroqu\u00edmicas). Dessa forma, na presen\u00e7a do material gen\u00e9tico do pat\u00f3geno, ocorre uma rea\u00e7\u00e3o que emite luz vermelha, indicando o resultado positivo para a Covid-19. A [&hellip;]<\/p>\n","protected":false},"author":1,"featured_media":49786,"comment_status":"open","ping_status":"closed","sticky":false,"template":"","format":"standard","meta":{"_links_to":"","_links_to_target":""},"categories":[7,3,1],"tags":[],"views":1113,"_links":{"self":[{"href":"https:\/\/www.brazilianpress.com\/v1\/wp-json\/wp\/v2\/posts\/49785"}],"collection":[{"href":"https:\/\/www.brazilianpress.com\/v1\/wp-json\/wp\/v2\/posts"}],"about":[{"href":"https:\/\/www.brazilianpress.com\/v1\/wp-json\/wp\/v2\/types\/post"}],"author":[{"embeddable":true,"href":"https:\/\/www.brazilianpress.com\/v1\/wp-json\/wp\/v2\/users\/1"}],"replies":[{"embeddable":true,"href":"https:\/\/www.brazilianpress.com\/v1\/wp-json\/wp\/v2\/comments?post=49785"}],"version-history":[{"count":1,"href":"https:\/\/www.brazilianpress.com\/v1\/wp-json\/wp\/v2\/posts\/49785\/revisions"}],"predecessor-version":[{"id":49787,"href":"https:\/\/www.brazilianpress.com\/v1\/wp-json\/wp\/v2\/posts\/49785\/revisions\/49787"}],"wp:featuredmedia":[{"embeddable":true,"href":"https:\/\/www.brazilianpress.com\/v1\/wp-json\/wp\/v2\/media\/49786"}],"wp:attachment":[{"href":"https:\/\/www.brazilianpress.com\/v1\/wp-json\/wp\/v2\/media?parent=49785"}],"wp:term":[{"taxonomy":"category","embeddable":true,"href":"https:\/\/www.brazilianpress.com\/v1\/wp-json\/wp\/v2\/categories?post=49785"},{"taxonomy":"post_tag","embeddable":true,"href":"https:\/\/www.brazilianpress.com\/v1\/wp-json\/wp\/v2\/tags?post=49785"}],"curies":[{"name":"wp","href":"https:\/\/api.w.org\/{rel}","templated":true}]}}