{"id":49796,"date":"2021-10-09T17:00:43","date_gmt":"2021-10-09T21:00:43","guid":{"rendered":"https:\/\/www.brazilianpress.com\/v1\/?p=49796"},"modified":"2021-10-09T17:00:43","modified_gmt":"2021-10-09T21:00:43","slug":"mexico-encontra-652-ilegais-dentro-de-3-conteineres-198-eram-menores-de-idade-desacompanhados","status":"publish","type":"post","link":"https:\/\/www.brazilianpress.com\/v1\/2021\/10\/09\/mexico-encontra-652-ilegais-dentro-de-3-conteineres-198-eram-menores-de-idade-desacompanhados\/","title":{"rendered":"M\u00e9xico encontra 652 ilegais dentro de 3 cont\u00eaineres. 198 eram menores de idade desacompanhados"},"content":{"rendered":"<p><strong>Soldados no nordeste do M\u00e9xico encontraram 652 migrantes da Am\u00e9rica Central em tr\u00eas cont\u00eaineres refrigerados e lacrados. A Ag\u00eancia de Imigra\u00e7\u00e3o Mexicana informou isso na sexta-feira. \u00c9 raro encontrar um grupo desse tamanho. Os migrantes, principalmente da vizinha Guatemala, tinham pouco ar e nenhum alimento ou \u00e1gua nos cont\u00eaineres.<\/strong><\/p>\n<p>Eles foram entregues \u00e0s autoridades estaduais de Tamaulipas. Os migrantes, incluindo 349 menores, teriam sido v\u00edtimas de contrabandistas de pessoas. 198 dos menores n\u00e3o estavam acompanhados por um adulto.<\/p>\n<p><img src=\"https:\/\/images0.persgroep.net\/rcs\/IR37YKqIrH1bX6ZFjogSftbppOY\/diocontent\/208654128\/_fill\/1200\/630\/?appId=21791a8992982cd8da851550a453bd7f&amp;quality=0.7\" \/><\/p>\n<p>Os caminh\u00f5es que transportavam os cont\u00eaineres teriam sido parados em um posto de controle militar na vila de Hidalgo, a 300 quil\u00f4metros da fronteira com os Estados Unidos. Quatro pessoas foram presas. Parece que pelo menos nove imigrantes tiveram teste positivo para o coronav\u00edrus. O n\u00famero de imigrantes detidos nos Estados Unidos ap\u00f3s cruzarem ilegalmente a fronteira com o M\u00e9xico aumentou drasticamente este ano. Em julho e agosto, mais de 200.000 pessoas foram afetadas, muitas delas menores desacompanhados.<\/p>\n<p><img src=\"https:\/\/images0.persgroep.net\/rcs\/HDRP0k7ipiosRwr6WkLnFy68nCE\/diocontent\/208657341\/_fitwidth\/694\/?appId=21791a8992982cd8da851550a453bd7f&amp;quality=0.8\" alt=\"Ag\u00eancia de Prote\u00e7\u00e3o Ambiental\" \/><\/p>\n<p>A maioria dos migrantes que tentam cruzar a fronteira vem do M\u00e9xico, Guatemala, Honduras e El Salvador, onde a pobreza, a viol\u00eancia e a corrup\u00e7\u00e3o s\u00e3o comuns. Os pa\u00edses tamb\u00e9m foram atingidos por desastres naturais, como inunda\u00e7\u00f5es, secas e ciclones. Pessoas de outros pa\u00edses da regi\u00e3o, como Haiti, Cuba e Venezuela, tamb\u00e9m est\u00e3o tentando viajar para os Estados Unidos via M\u00e9xico. Freq\u00fcentemente, eles j\u00e1 s\u00e3o parados no M\u00e9xico e enviados de volta.<\/p>\n","protected":false},"excerpt":{"rendered":"<p>Soldados no nordeste do M\u00e9xico encontraram 652 migrantes da Am\u00e9rica Central em tr\u00eas cont\u00eaineres refrigerados e lacrados. A Ag\u00eancia de Imigra\u00e7\u00e3o Mexicana informou isso na sexta-feira. \u00c9 raro encontrar um grupo desse tamanho. Os migrantes, principalmente da vizinha Guatemala, tinham pouco ar e nenhum alimento ou \u00e1gua nos cont\u00eaineres. Eles foram entregues \u00e0s autoridades estaduais de Tamaulipas. Os migrantes, incluindo 349 menores, teriam sido v\u00edtimas de contrabandistas de pessoas. 198 dos menores n\u00e3o estavam acompanhados por um adulto. Os caminh\u00f5es que transportavam os cont\u00eaineres teriam sido parados em um posto de controle militar na vila de Hidalgo, a 300 quil\u00f4metros [&hellip;]<\/p>\n","protected":false},"author":1,"featured_media":49797,"comment_status":"open","ping_status":"closed","sticky":false,"template":"","format":"standard","meta":{"_links_to":"","_links_to_target":""},"categories":[4,3,1],"tags":[],"views":1822,"_links":{"self":[{"href":"https:\/\/www.brazilianpress.com\/v1\/wp-json\/wp\/v2\/posts\/49796"}],"collection":[{"href":"https:\/\/www.brazilianpress.com\/v1\/wp-json\/wp\/v2\/posts"}],"about":[{"href":"https:\/\/www.brazilianpress.com\/v1\/wp-json\/wp\/v2\/types\/post"}],"author":[{"embeddable":true,"href":"https:\/\/www.brazilianpress.com\/v1\/wp-json\/wp\/v2\/users\/1"}],"replies":[{"embeddable":true,"href":"https:\/\/www.brazilianpress.com\/v1\/wp-json\/wp\/v2\/comments?post=49796"}],"version-history":[{"count":1,"href":"https:\/\/www.brazilianpress.com\/v1\/wp-json\/wp\/v2\/posts\/49796\/revisions"}],"predecessor-version":[{"id":49798,"href":"https:\/\/www.brazilianpress.com\/v1\/wp-json\/wp\/v2\/posts\/49796\/revisions\/49798"}],"wp:featuredmedia":[{"embeddable":true,"href":"https:\/\/www.brazilianpress.com\/v1\/wp-json\/wp\/v2\/media\/49797"}],"wp:attachment":[{"href":"https:\/\/www.brazilianpress.com\/v1\/wp-json\/wp\/v2\/media?parent=49796"}],"wp:term":[{"taxonomy":"category","embeddable":true,"href":"https:\/\/www.brazilianpress.com\/v1\/wp-json\/wp\/v2\/categories?post=49796"},{"taxonomy":"post_tag","embeddable":true,"href":"https:\/\/www.brazilianpress.com\/v1\/wp-json\/wp\/v2\/tags?post=49796"}],"curies":[{"name":"wp","href":"https:\/\/api.w.org\/{rel}","templated":true}]}}