{"id":49809,"date":"2021-10-12T15:18:22","date_gmt":"2021-10-12T19:18:22","guid":{"rendered":"https:\/\/www.brazilianpress.com\/v1\/?p=49809"},"modified":"2021-10-12T15:18:22","modified_gmt":"2021-10-12T19:18:22","slug":"video-policia-divulga-imagens-de-suspeitos-de-balear-brasileiro-em-chicago-jovem-esta-consciente","status":"publish","type":"post","link":"https:\/\/www.brazilianpress.com\/v1\/2021\/10\/12\/video-policia-divulga-imagens-de-suspeitos-de-balear-brasileiro-em-chicago-jovem-esta-consciente\/","title":{"rendered":"V\u00cdDEO: Pol\u00edcia divulga imagens de suspeitos de balear brasileiro em Chicago. Jovem est\u00e1 consciente"},"content":{"rendered":"<p><strong>A pol\u00edcia de Chicago divulgou imagens de c\u00e2meras de seguran\u00e7a, que mostram os homens que estavam nas motos que perseguiram o carro onde estava o brasileiro Jo\u00e3o Pedro Elisei Marchezani, de 23 anos, baleado na cabe\u00e7a na madrugada de 5 de setembro. O v\u00eddeo foi entregue a emissoras locais de TV, para que sejam exibidos, na esperan\u00e7a de que algu\u00e9m reconhe\u00e7a essas pessoas e fa\u00e7a uma den\u00fancia.<\/strong><\/p>\n<p>Consciente ap\u00f3s exatos 30 dias de coma induzido, Jo\u00e3o Pedro s\u00f3 pensa em deixar o hospital, onde se recupera lentamente. \u201cEle pede todos os dias para ir embora. Eu disse que isso s\u00f3 vai acontecer quando ele estiver bem, e ele me respondeu \u2018mas eu j\u00e1 t\u00f4 bem, m\u00e3e\u2019\u201d, diverte-se Monica Marchezani, que acompanha diariamente a evolu\u00e7\u00e3o do filho e estava ao seu lado quando ele finalmente despertou. <span style=\"color: #993300;\"><strong>Assista a reportagem:<\/strong><\/span><\/p>\n<div class=\"mnmd-responsive-video\"><iframe loading=\"lazy\" title=\"Brasileiro baleado nos Estados Unidos luta pela vida e tenta se recuperar das sequelas\" width=\"1200\" height=\"675\" src=\"https:\/\/www.youtube.com\/embed\/1Ptxgp-2qbk?feature=oembed\" frameborder=\"0\" allow=\"accelerometer; autoplay; clipboard-write; encrypted-media; gyroscope; picture-in-picture\" allowfullscreen><\/iframe><\/div>\n<p>Segundo ela, as primeiras palavras dele foram de choque: \u201cm\u00e3e, eu achei que tinha morrido\u201d. Ainda confuso, ele se lembrava que levou um tiro na cabe\u00e7a, mas n\u00e3o sabia como e nem onde isso tinha acontecido. Jo\u00e3o pensava, inclusive, que estava no Brasil, e ficou extremamente surpreso ao ser (re) informado de que a fam\u00edlia mora h\u00e1 quatro anos nos Estados Unidos. A pol\u00edcia de Chicago divulgou imagens de c\u00e2meras de seguran\u00e7a, que mostram os homens que estavam nas motos que perseguiram o carro onde estava o brasileiro Jo\u00e3o Pedro Elisei Marchezani, de 23 anos, baleado na cabe\u00e7a na madrugada de 5 de setembro.<\/p>\n<p><img src=\"https:\/\/s2.glbimg.com\/WrKK9xDUrRzVekF-SUzv-Pe2sTs=\/0x0:1700x1065\/984x0\/smart\/filters:strip_icc()\/i.s3.glbimg.com\/v1\/AUTH_59edd422c0c84a879bd37670ae4f538a\/internal_photos\/bs\/2021\/N\/N\/Bf9wHATE6UkbkcAt5JJQ\/joao2.jpg\" alt=\"Jo\u00e3o Pedro Elisei Marchezani (centro), ao lado da namorada, de seus pais e do irm\u00e3o mais novo \u2014 Foto: Monica Elisei Marchezani\/Arquivo pessoal\" \/><\/p>\n<p>O v\u00eddeo (assista acima) foi entregue a emissoras locais de TV, para que sejam exibidos, na esperan\u00e7a de que algu\u00e9m reconhe\u00e7a essas pessoas e fa\u00e7a uma den\u00fancia. Consciente ap\u00f3s exatos 30 dias de coma induzido, Jo\u00e3o Pedro s\u00f3 pensa em deixar o hospital, onde se recupera lentamente. \u201cEle pede todos os dias para ir embora. Eu disse que isso s\u00f3 vai acontecer quando ele estiver bem, e ele me respondeu \u2018mas eu j\u00e1 t\u00f4 bem, m\u00e3e\u2019\u201d, diverte-se Monica Marchezani, que acompanha diariamente a evolu\u00e7\u00e3o do filho e estava ao seu lado quando ele finalmente despertou.<\/p>\n<p><img src=\"https:\/\/s2.glbimg.com\/gaeb_oVY5Fjn_7oHcbDHuUx9od0=\/0x0:1700x1065\/984x0\/smart\/filters:strip_icc()\/i.s3.glbimg.com\/v1\/AUTH_59edd422c0c84a879bd37670ae4f538a\/internal_photos\/bs\/2021\/O\/A\/JTNISUQvCwOT6BjgB1ig\/joao.jpg\" alt=\"Jo\u00e3o Pedro Elisei Marchezani no hospital, em Chicago, onde se recupera ap\u00f3s ter sido baleado na cabe\u00e7a \u2014 Foto: M\u00f4nica Elisei\/Arquivo pessoal\" \/><\/p>\n<p>Segundo ela, as primeiras palavras dele foram de choque: \u201cm\u00e3e, eu achei que tinha morrido\u201d. Ainda confuso, ele se lembrava que levou um tiro na cabe\u00e7a, mas n\u00e3o sabia como e nem onde isso tinha acontecido. Jo\u00e3o pensava, inclusive, que estava no Brasil, e ficou extremamente surpreso ao ser (re) informado de que a fam\u00edlia mora h\u00e1 quatro anos nos Estados Unidos. Como os danos provocados pela bala fora muito abrangentes, Jo\u00e3o passou por uma cirurgia na qual praticamente metade do osso da parte superior de seu cr\u00e2nio (do lado direito) foi retirada e est\u00e1 sendo preservada, congelada. A previs\u00e3o \u00e9 de que, ap\u00f3s seu c\u00e9rebro se recuperar do incha\u00e7o e se livrar de res\u00edduos que ainda est\u00e3o no local, o osso seja recolocado, em um prazo de seis a oito semanas, se tudo correr bem.<\/p>\n<p><img src=\"https:\/\/uploads.metropoles.com\/wp-content\/uploads\/2021\/10\/12073721\/suspeitos-de-balear-Joao-Pedro-Elisei-Marchezani-2-1024x599.jpeg\" alt=\"Pol\u00edcia divulga imagens de suspeitos de balear brasileiro em Chicago\" \/><\/p>\n<p>Enquanto isso n\u00e3o acontece, o jovem usa um capacete especial, mas se queixa de muita dor na cabe\u00e7a. Os m\u00e9dicos explicaram que a regi\u00e3o est\u00e1 bastante sens\u00edvel e ainda existem restos de p\u00f3lvora e secre\u00e7\u00f5es que precisam ser expelidos. \u201cMas meu filho \u00e9 um milagre. Considerando o que aconteceu com ele, e o estado em que ele chegou ao hospital, ele agora fala comigo, conversa diariamente com o pai por telefone, e os m\u00e9dicos disseram que, se continuar evoluindo assim, em breve deve sair da ala de trauma para o setor de reabilita\u00e7\u00e3o\u201d, resume M\u00f4nica. Al\u00e9m da m\u00e3e e da namorada, que o visitam diariamente, Jo\u00e3o come\u00e7ou a rever outras pessoas depois de recobrar a consci\u00eancia. Sua m\u00e3e diz que autoriza a entrada apenas de pessoas que ele pede para ver, e checa com rigor se elas foram vacinadas e est\u00e3o sem qualquer sintoma de Covid.<\/p>\n<p><img src=\"https:\/\/transitoemetro.com.br\/wp-content\/uploads\/2021\/10\/1.jpg\" alt=\"Jo\u00e3o Pedro Elisei Marchezani Archives - Tr\u00e2nsito e metr\u00f4\" \/><\/p>\n<p>\u201cH\u00e1 alguns dias ele recebeu a visita de um amigo que adora e ficou feliz demais, eu percebi a diferen\u00e7a s\u00f3 de olhar para ele. No pr\u00f3ximo fim de semana o pai vir\u00e1 de Ohio, vai ser o primeiro encontro desde que ele acordou. Eles se falam diariamente, mas ele disse \u2018estou com tanta saudade do meu pai, deve ser porque minha cabe\u00e7a ainda est\u00e1 doente\u2019 e nos emocionamos demais. O pai chora todas as vezes, vai ser uma choradeira s\u00f3\u201d, antecipa a m\u00e3e. A fam\u00edlia continua ainda com a campanha para quem quiser colaborar com as despesas m\u00e9dicas de Jo\u00e3o Pedro, que n\u00e3o tem seguro. Al\u00e9m de um link no site GoFundMe, com a meta de US$ 300 mil, doa\u00e7\u00f5es podem ser feitas atrav\u00e9s de PIX (ajudejp@gmail.com em nome de Renato Caron) ou de uma conta em nome do pai de Jo\u00e3o: Antonio Flavio Passos Marchezani CEF &#8211; AG: 3216 (OP:001) &#8211; C\/C: 1157-7 CPF: 256.532.838-94<\/p>\n<p><img src=\"https:\/\/ogimg.infoglobo.com.br\/in\/25225743-cfc-660\/FT1086A\/xbrasileirochicago.png.pagespeed.ic.KCMe-P1a1v.jpg\" alt=\"Pol\u00edcia suspeita que gangue tenha baleado brasileiro em Chicago; m\u00e3e  desabafa: &amp;#39;Sa\u00ed do Brasil com medo da viol\u00eancia&amp;#39; - Jornal O Globo\" \/><\/p>\n<p><strong>O ataque<\/strong><\/p>\n<p>Jo\u00e3o estava com a namorada e uma amiga no banco de tr\u00e1s do carro de um amigo, indo a um bar, na madrugada de 5 de setembro, quando o motorista percebeu pelo retrovisor que eles estavam sendo seguidos por um motociclista armado. Com medo de um assalto, ele desviou e \u201cfechou\u201d o condutor da moto. Logo depois, o motociclista reapareceu, acompanhado de uma segunda moto, onde estavam dois homens. O passageiro da segunda moto, armado, disparou oito tiros contra o carro onde estava o brasileiro. Apenas Jo\u00e3o foi atingido, com uma bala que entrou pela nuca e atingiu seu c\u00e9rebro.<\/p>\n<p><img src=\"https:\/\/ogimg.infoglobo.com.br\/in\/25226073-b80-c0c\/FT1086A\/xbrasileirochicago3.png.pagespeed.ic.w2FX3E7Lp5.jpg\" alt=\"Pol\u00edcia suspeita que gangue tenha baleado brasileiro em Chicago; m\u00e3e  desabafa: &amp;#39;Sa\u00ed do Brasil com medo da viol\u00eancia&amp;#39; - Jornal O Globo\" \/><\/p>\n<p>De acordo com Monica, os jovens estavam comemorando o novo apartamento que Jo\u00e3o e a namorada tinham acabado de alugar para morarem juntos. Eles tinham passado a tarde comprando objetos para o local e seu filho tinha cozinhado antes de sa\u00edrem. H\u00e1 dois meses, ela, o marido e um filho mais novo se mudaram para Cleveland, em Ohio, e Jo\u00e3o permaneceu em Chicago, onde estuda rob\u00f3tica. Mas o casal estava na cidade justamente para conhecer o novo lugar onde o filho iria morar.<\/p>\n","protected":false},"excerpt":{"rendered":"<p>A pol\u00edcia de Chicago divulgou imagens de c\u00e2meras de seguran\u00e7a, que mostram os homens que estavam nas motos que perseguiram o carro onde estava o brasileiro Jo\u00e3o Pedro Elisei Marchezani, de 23 anos, baleado na cabe\u00e7a na madrugada de 5 de setembro. O v\u00eddeo foi entregue a emissoras locais de TV, para que sejam exibidos, na esperan\u00e7a de que algu\u00e9m reconhe\u00e7a essas pessoas e fa\u00e7a uma den\u00fancia. Consciente ap\u00f3s exatos 30 dias de coma induzido, Jo\u00e3o Pedro s\u00f3 pensa em deixar o hospital, onde se recupera lentamente. \u201cEle pede todos os dias para ir embora. Eu disse que isso s\u00f3 [&hellip;]<\/p>\n","protected":false},"author":1,"featured_media":49810,"comment_status":"open","ping_status":"closed","sticky":false,"template":"","format":"standard","meta":{"_links_to":"","_links_to_target":""},"categories":[4,3,1],"tags":[],"views":1468,"_links":{"self":[{"href":"https:\/\/www.brazilianpress.com\/v1\/wp-json\/wp\/v2\/posts\/49809"}],"collection":[{"href":"https:\/\/www.brazilianpress.com\/v1\/wp-json\/wp\/v2\/posts"}],"about":[{"href":"https:\/\/www.brazilianpress.com\/v1\/wp-json\/wp\/v2\/types\/post"}],"author":[{"embeddable":true,"href":"https:\/\/www.brazilianpress.com\/v1\/wp-json\/wp\/v2\/users\/1"}],"replies":[{"embeddable":true,"href":"https:\/\/www.brazilianpress.com\/v1\/wp-json\/wp\/v2\/comments?post=49809"}],"version-history":[{"count":1,"href":"https:\/\/www.brazilianpress.com\/v1\/wp-json\/wp\/v2\/posts\/49809\/revisions"}],"predecessor-version":[{"id":49811,"href":"https:\/\/www.brazilianpress.com\/v1\/wp-json\/wp\/v2\/posts\/49809\/revisions\/49811"}],"wp:featuredmedia":[{"embeddable":true,"href":"https:\/\/www.brazilianpress.com\/v1\/wp-json\/wp\/v2\/media\/49810"}],"wp:attachment":[{"href":"https:\/\/www.brazilianpress.com\/v1\/wp-json\/wp\/v2\/media?parent=49809"}],"wp:term":[{"taxonomy":"category","embeddable":true,"href":"https:\/\/www.brazilianpress.com\/v1\/wp-json\/wp\/v2\/categories?post=49809"},{"taxonomy":"post_tag","embeddable":true,"href":"https:\/\/www.brazilianpress.com\/v1\/wp-json\/wp\/v2\/tags?post=49809"}],"curies":[{"name":"wp","href":"https:\/\/api.w.org\/{rel}","templated":true}]}}