{"id":49821,"date":"2021-10-13T13:12:40","date_gmt":"2021-10-13T17:12:40","guid":{"rendered":"https:\/\/www.brazilianpress.com\/v1\/?p=49821"},"modified":"2021-10-13T13:12:40","modified_gmt":"2021-10-13T17:12:40","slug":"eua-abrirao-em-novembro-as-fronteiras-terrestres-para-estrangeiros-vacinados","status":"publish","type":"post","link":"https:\/\/www.brazilianpress.com\/v1\/2021\/10\/13\/eua-abrirao-em-novembro-as-fronteiras-terrestres-para-estrangeiros-vacinados\/","title":{"rendered":"EUA abrir\u00e3o em novembro as fronteiras terrestres para estrangeiros vacinados"},"content":{"rendered":"<p><strong>O Departamento de Seguran\u00e7a Nacional dos Estados Unidos anunciou nesta quarta-feira, 13, que as fronteiras terrestres do pa\u00eds norte-americano com o M\u00e9xico e o Canad\u00e1 reabrir\u00e3o para viajantes vacinados a partir do m\u00eas de novembro. Os pontos de acesso ao pa\u00eds norte-americano estavam com duras restri\u00e7\u00f5es estabelecidas h\u00e1 quase 20 meses por causa da pandemia da Covid-19.<\/strong><\/p>\n<p>Com as novas regras, qualquer pessoa vacinada e com a documenta\u00e7\u00e3o necess\u00e1ria poder\u00e1 entrar no pa\u00eds pela fronteira terrestre sem precisar justificar o motivo da viagem. A decis\u00e3o ocorre ap\u00f3s meses de press\u00e3o do M\u00e9xico e do Canad\u00e1, principalmente ap\u00f3s o an\u00fancio recente de que os EUA facilitariam a entrada de pessoas por via a\u00e9rea, permitindo at\u00e9 mesmo vacinados com a CoronaVac, que n\u00e3o \u00e9 aplicada no pa\u00eds.<\/p>\n<p>Os viajantes n\u00e3o precisar\u00e3o mostrar testes PCR negativos para entrar no pa\u00eds e passar\u00e3o por uma verifica\u00e7\u00e3o de duas etapas em rela\u00e7\u00e3o \u00e0s vacinas: primeiro ser\u00e3o questionados verbalmente pelos guardas da fronteira; depois, precisar\u00e3o mostrar o comprovante de vacina\u00e7\u00e3o junto a outros documentos protocolares exigidos na entrada do pa\u00eds. Outros detalhes das regras para entrada e a data exata da abertura das fronteiras ainda n\u00e3o foram divulgados, mas a expectativa dos oficiais \u00e9 de que a mudan\u00e7a passe a valer no come\u00e7o de novembro. De acordo com o Centro de Controle de Doen\u00e7as do pa\u00eds (CDC), todas as vacinas com uso emergencial aprovado pela Organiza\u00e7\u00e3o Mundial da Sa\u00fade (OMS) ser\u00e3o aceitas. Isso inclui a chinesa Sinovac, aplicada em larga escala no Brasil e outros pa\u00edses latinos. Agora, o CDC corre para formalizar a aceita\u00e7\u00e3o daqueles que receberam duas doses diferentes de vacina, algo comum no Canad\u00e1. A previs\u00e3o do pa\u00eds \u00e9 de que no meio de janeiro de 2022 at\u00e9 mesmo os que estejam fazendo viagens essenciais tenham que apresentar comprovante de vacina\u00e7\u00e3o.<\/p>\n","protected":false},"excerpt":{"rendered":"<p>O Departamento de Seguran\u00e7a Nacional dos Estados Unidos anunciou nesta quarta-feira, 13, que as fronteiras terrestres do pa\u00eds norte-americano com o M\u00e9xico e o Canad\u00e1 reabrir\u00e3o para viajantes vacinados a partir do m\u00eas de novembro. Os pontos de acesso ao pa\u00eds norte-americano estavam com duras restri\u00e7\u00f5es estabelecidas h\u00e1 quase 20 meses por causa da pandemia da Covid-19. Com as novas regras, qualquer pessoa vacinada e com a documenta\u00e7\u00e3o necess\u00e1ria poder\u00e1 entrar no pa\u00eds pela fronteira terrestre sem precisar justificar o motivo da viagem. A decis\u00e3o ocorre ap\u00f3s meses de press\u00e3o do M\u00e9xico e do Canad\u00e1, principalmente ap\u00f3s o an\u00fancio recente [&hellip;]<\/p>\n","protected":false},"author":1,"featured_media":49822,"comment_status":"open","ping_status":"closed","sticky":false,"template":"","format":"standard","meta":{"_links_to":"","_links_to_target":""},"categories":[4,3,1],"tags":[],"views":1052,"_links":{"self":[{"href":"https:\/\/www.brazilianpress.com\/v1\/wp-json\/wp\/v2\/posts\/49821"}],"collection":[{"href":"https:\/\/www.brazilianpress.com\/v1\/wp-json\/wp\/v2\/posts"}],"about":[{"href":"https:\/\/www.brazilianpress.com\/v1\/wp-json\/wp\/v2\/types\/post"}],"author":[{"embeddable":true,"href":"https:\/\/www.brazilianpress.com\/v1\/wp-json\/wp\/v2\/users\/1"}],"replies":[{"embeddable":true,"href":"https:\/\/www.brazilianpress.com\/v1\/wp-json\/wp\/v2\/comments?post=49821"}],"version-history":[{"count":2,"href":"https:\/\/www.brazilianpress.com\/v1\/wp-json\/wp\/v2\/posts\/49821\/revisions"}],"predecessor-version":[{"id":49824,"href":"https:\/\/www.brazilianpress.com\/v1\/wp-json\/wp\/v2\/posts\/49821\/revisions\/49824"}],"wp:featuredmedia":[{"embeddable":true,"href":"https:\/\/www.brazilianpress.com\/v1\/wp-json\/wp\/v2\/media\/49822"}],"wp:attachment":[{"href":"https:\/\/www.brazilianpress.com\/v1\/wp-json\/wp\/v2\/media?parent=49821"}],"wp:term":[{"taxonomy":"category","embeddable":true,"href":"https:\/\/www.brazilianpress.com\/v1\/wp-json\/wp\/v2\/categories?post=49821"},{"taxonomy":"post_tag","embeddable":true,"href":"https:\/\/www.brazilianpress.com\/v1\/wp-json\/wp\/v2\/tags?post=49821"}],"curies":[{"name":"wp","href":"https:\/\/api.w.org\/{rel}","templated":true}]}}