{"id":49845,"date":"2021-10-15T09:42:17","date_gmt":"2021-10-15T13:42:17","guid":{"rendered":"https:\/\/www.brazilianpress.com\/v1\/?p=49845"},"modified":"2021-10-15T09:42:17","modified_gmt":"2021-10-15T13:42:17","slug":"social-press-15-10-2021","status":"publish","type":"post","link":"https:\/\/www.brazilianpress.com\/v1\/2021\/10\/15\/social-press-15-10-2021\/","title":{"rendered":"Social Press . 15\/10\/2021"},"content":{"rendered":"<p><em><strong>A ca\u00e7ulinha da fam\u00edlia\u00a0 De souza,\u00a0 Alice De Souza comemora seu t\u00e3o esperado 18 aninhos com muita alegria, sa\u00fade e paz. Que Deus te proteja hoje e sempre te amamos. Parab\u00e9ns!!<\/strong><\/em><\/p>\n<p><em><strong><img loading=\"lazy\" class=\"alignnone size-full wp-image-49838\" src=\"https:\/\/www.brazilianpress.com\/v1\/wp-content\/uploads\/2021\/10\/Foto-2-Silvana.jpg\" alt=\"\" width=\"643\" height=\"450\" srcset=\"https:\/\/www.brazilianpress.com\/v1\/wp-content\/uploads\/2021\/10\/Foto-2-Silvana.jpg 643w, https:\/\/www.brazilianpress.com\/v1\/wp-content\/uploads\/2021\/10\/Foto-2-Silvana-300x210.jpg 300w\" sizes=\"(max-width: 643px) 100vw, 643px\" \/><br \/>\nNossa amiga Silvana Oliveira, mais conhecida como \u201cIrm\u00e3 mais velha\u201dcomemorou seu niver no Matuto com a fam\u00edlia e amigos. \u00a0<\/strong><\/em><\/p>\n<p><em><strong><img loading=\"lazy\" class=\"alignnone size-full wp-image-49839\" src=\"https:\/\/www.brazilianpress.com\/v1\/wp-content\/uploads\/2021\/10\/Foto-3-Happy-Birthday-Gabby.jpg\" alt=\"\" width=\"683\" height=\"450\" srcset=\"https:\/\/www.brazilianpress.com\/v1\/wp-content\/uploads\/2021\/10\/Foto-3-Happy-Birthday-Gabby.jpg 683w, https:\/\/www.brazilianpress.com\/v1\/wp-content\/uploads\/2021\/10\/Foto-3-Happy-Birthday-Gabby-300x198.jpg 300w\" sizes=\"(max-width: 683px) 100vw, 683px\" \/><br \/>\nHappy birthday \u00e0 princesa Gabby, filha do\u00a0 casal\u00a0 Oscar e Vanessa que completou 9 aninhos, Parab\u00e9ns Gabby!<\/strong><\/em><\/p>\n<p><em><strong><img loading=\"lazy\" class=\"alignnone size-full wp-image-49840\" src=\"https:\/\/www.brazilianpress.com\/v1\/wp-content\/uploads\/2021\/10\/Foto-4-Odimar-Souto.jpg\" alt=\"\" width=\"700\" height=\"444\" srcset=\"https:\/\/www.brazilianpress.com\/v1\/wp-content\/uploads\/2021\/10\/Foto-4-Odimar-Souto.jpg 700w, https:\/\/www.brazilianpress.com\/v1\/wp-content\/uploads\/2021\/10\/Foto-4-Odimar-Souto-300x190.jpg 300w\" sizes=\"(max-width: 700px) 100vw, 700px\" \/><br \/>\nOdimar Souto um dos \u00a0melhores baterista da comunidade brasileira em NJ, completou mais um ano de vida. Parab\u00e9ns\u00a0 \u201cpopoz\u00e3o\u201d<\/strong><\/em><\/p>\n<p><em><strong><img loading=\"lazy\" class=\"alignnone size-full wp-image-49841\" src=\"https:\/\/www.brazilianpress.com\/v1\/wp-content\/uploads\/2021\/10\/Foto-5-o-Jovem-Kalani.jpg\" alt=\"\" width=\"700\" height=\"443\" srcset=\"https:\/\/www.brazilianpress.com\/v1\/wp-content\/uploads\/2021\/10\/Foto-5-o-Jovem-Kalani.jpg 700w, https:\/\/www.brazilianpress.com\/v1\/wp-content\/uploads\/2021\/10\/Foto-5-o-Jovem-Kalani-300x190.jpg 300w\" sizes=\"(max-width: 700px) 100vw, 700px\" \/><br \/>\nO jovem Kalani Mubarak curtindo seu niver cheio todo sorridente. Felicidades!<\/strong><\/em><\/p>\n<p><em><strong><img loading=\"lazy\" class=\"alignnone size-full wp-image-49842\" src=\"https:\/\/www.brazilianpress.com\/v1\/wp-content\/uploads\/2021\/10\/Foto-6-Louis-and-Angela-Gaspard.jpg\" alt=\"\" width=\"700\" height=\"442\" srcset=\"https:\/\/www.brazilianpress.com\/v1\/wp-content\/uploads\/2021\/10\/Foto-6-Louis-and-Angela-Gaspard.jpg 700w, https:\/\/www.brazilianpress.com\/v1\/wp-content\/uploads\/2021\/10\/Foto-6-Louis-and-Angela-Gaspard-300x189.jpg 300w\" sizes=\"(max-width: 700px) 100vw, 700px\" \/><br \/>\nJust got married\u00a0 Louis and Angela, we wish you the best and may Good Bless you!<\/strong><\/em><\/p>\n<p><em><strong><img loading=\"lazy\" class=\"alignnone size-full wp-image-49843\" src=\"https:\/\/www.brazilianpress.com\/v1\/wp-content\/uploads\/2021\/10\/Foto-7-Ediley-e-equipe.jpg\" alt=\"\" width=\"700\" height=\"428\" srcset=\"https:\/\/www.brazilianpress.com\/v1\/wp-content\/uploads\/2021\/10\/Foto-7-Ediley-e-equipe.jpg 700w, https:\/\/www.brazilianpress.com\/v1\/wp-content\/uploads\/2021\/10\/Foto-7-Ediley-e-equipe-300x183.jpg 300w\" sizes=\"(max-width: 700px) 100vw, 700px\" \/><br \/>\nEdiley e equipe do sal\u00e3o que comemora um ano de exist\u00eancia do Eddy Sal\u00e3o Barber Shop\u00a0 60 Wilson Ave, Newark, NJ. Parab\u00e9ns!<\/strong><\/em><\/p>\n<p><em><strong><img loading=\"lazy\" class=\"alignnone size-full wp-image-49844\" src=\"https:\/\/www.brazilianpress.com\/v1\/wp-content\/uploads\/2021\/10\/Foto-Foto-8-Happy-birthay-Christian.jpg\" alt=\"\" width=\"700\" height=\"397\" srcset=\"https:\/\/www.brazilianpress.com\/v1\/wp-content\/uploads\/2021\/10\/Foto-Foto-8-Happy-birthay-Christian.jpg 700w, https:\/\/www.brazilianpress.com\/v1\/wp-content\/uploads\/2021\/10\/Foto-Foto-8-Happy-birthay-Christian-300x170.jpg 300w\" sizes=\"(max-width: 700px) 100vw, 700px\" \/><br \/>\nHappy Birthday ao Jovem Chrystian que completou 18 anos e comemorou entre familiares e amigos. Parab\u00e9ns!<\/strong><\/em><\/p>\n","protected":false},"excerpt":{"rendered":"<p>A ca\u00e7ulinha da fam\u00edlia\u00a0 De souza,\u00a0 Alice De Souza comemora seu t\u00e3o esperado 18 aninhos com muita alegria, sa\u00fade e paz. Que Deus te proteja hoje e sempre te amamos. Parab\u00e9ns!! Nossa amiga Silvana Oliveira, mais conhecida como \u201cIrm\u00e3 mais velha\u201dcomemorou seu niver no Matuto com a fam\u00edlia e amigos. \u00a0 Happy birthday \u00e0 princesa Gabby, filha do\u00a0 casal\u00a0 Oscar e Vanessa que completou 9 aninhos, Parab\u00e9ns Gabby! Odimar Souto um dos \u00a0melhores baterista da comunidade brasileira em NJ, completou mais um ano de vida. Parab\u00e9ns\u00a0 \u201cpopoz\u00e3o\u201d O jovem Kalani Mubarak curtindo seu niver cheio todo sorridente. Felicidades! Just got [&hellip;]<\/p>\n","protected":false},"author":1,"featured_media":49837,"comment_status":"open","ping_status":"closed","sticky":false,"template":"","format":"standard","meta":{"_links_to":"","_links_to_target":""},"categories":[3,1,6],"tags":[],"views":1811,"_links":{"self":[{"href":"https:\/\/www.brazilianpress.com\/v1\/wp-json\/wp\/v2\/posts\/49845"}],"collection":[{"href":"https:\/\/www.brazilianpress.com\/v1\/wp-json\/wp\/v2\/posts"}],"about":[{"href":"https:\/\/www.brazilianpress.com\/v1\/wp-json\/wp\/v2\/types\/post"}],"author":[{"embeddable":true,"href":"https:\/\/www.brazilianpress.com\/v1\/wp-json\/wp\/v2\/users\/1"}],"replies":[{"embeddable":true,"href":"https:\/\/www.brazilianpress.com\/v1\/wp-json\/wp\/v2\/comments?post=49845"}],"version-history":[{"count":1,"href":"https:\/\/www.brazilianpress.com\/v1\/wp-json\/wp\/v2\/posts\/49845\/revisions"}],"predecessor-version":[{"id":49846,"href":"https:\/\/www.brazilianpress.com\/v1\/wp-json\/wp\/v2\/posts\/49845\/revisions\/49846"}],"wp:featuredmedia":[{"embeddable":true,"href":"https:\/\/www.brazilianpress.com\/v1\/wp-json\/wp\/v2\/media\/49837"}],"wp:attachment":[{"href":"https:\/\/www.brazilianpress.com\/v1\/wp-json\/wp\/v2\/media?parent=49845"}],"wp:term":[{"taxonomy":"category","embeddable":true,"href":"https:\/\/www.brazilianpress.com\/v1\/wp-json\/wp\/v2\/categories?post=49845"},{"taxonomy":"post_tag","embeddable":true,"href":"https:\/\/www.brazilianpress.com\/v1\/wp-json\/wp\/v2\/tags?post=49845"}],"curies":[{"name":"wp","href":"https:\/\/api.w.org\/{rel}","templated":true}]}}