{"id":49849,"date":"2021-10-15T12:19:01","date_gmt":"2021-10-15T16:19:01","guid":{"rendered":"https:\/\/www.brazilianpress.com\/v1\/?p=49849"},"modified":"2021-10-15T12:19:01","modified_gmt":"2021-10-15T16:19:01","slug":"lea-campos-o-que-se-passa-com-neymar","status":"publish","type":"post","link":"https:\/\/www.brazilianpress.com\/v1\/2021\/10\/15\/lea-campos-o-que-se-passa-com-neymar\/","title":{"rendered":"L\u00e9a Campos: O que se passa com Neymar?"},"content":{"rendered":"<p><strong>Ao que parece Neymar est\u00e1 com algum problema bastante s\u00e9rio. Ainda desconcentrado e desinteressado pelo jogo, j\u00e1 disse que o Mundial do Catar ser\u00e1 o \u00faltimo que joga. Ser\u00e1 que a chegada de Messi no PSG n\u00e3o o agradou? Ele n\u00e3o est\u00e1 bem nem na equipe dele nem na sele\u00e7\u00e3o. Para qualquer atleta \u00e9 um orgulho enorme representar seu pa\u00eds, mas ao que estamos vendo, este n\u00e3o \u00e9 o caso do camisa 10 da canarinha.<\/strong><\/p>\n<p>Precisa ser visto por um m\u00e9dico com urg\u00eancia. N\u00e3o vou dizer que ele \u00e9 insubstitu\u00edvel, porque ningu\u00e9m o \u00e9, mas \u00e9 um grande jogador quando resolve jogar seriamente. Pel\u00e9 deixou o Santos, o Cosmos e a Sele\u00e7\u00e3o Brasileira e nem por isso os times e a sele\u00e7\u00e3o deixaram de vencer. Vejam a foto tirada no jogo contra a Col\u00f4mbia publicada e tirem suas conclus\u00f5es. Essa atitude do Ney \u00e9 correta? O que aconteceu para ele tomar dita atitude? \u00c0 primeira vista, parece que os dois v\u00e3o se beijar, ou seria uma picuinha deles?<\/p>\n<p>Seja qual for o objetivo do que ocorreu ao originar dita foto, n\u00e3o \u00e9 correto. Vamos ajudar o Neymar, apoiando-o se ele assim o desejar, mas se n\u00e3o quer jogar n\u00e3o atrapalhe aos que querem estar em campo. Tem muita gente almejando vestir uma camisa da nossa sele\u00e7\u00e3o. Ent\u00e3o Neymar, contaremos com voc\u00ea por inteiro, ou at\u00e9 aqui chegou o seu gosto pela bola? Dinheiro quando \u00e9 muito nas m\u00e3os de quem n\u00e3o estava preparado ou o leva \u00e0 fal\u00eancia ou o leva a se comprometer erradamente. Apesar dos in\u00fameros t\u00edtulos conquistados, Neymar ainda n\u00e3o conseguiu ser campe\u00e3o mundial com a Sele\u00e7\u00e3o brasileira.<\/p>\n<p>&#8220;VAMO QUE VAMO NEY&#8221;.<\/p>\n","protected":false},"excerpt":{"rendered":"<p>Ao que parece Neymar est\u00e1 com algum problema bastante s\u00e9rio. Ainda desconcentrado e desinteressado pelo jogo, j\u00e1 disse que o Mundial do Catar ser\u00e1 o \u00faltimo que joga. Ser\u00e1 que a chegada de Messi no PSG n\u00e3o o agradou? Ele n\u00e3o est\u00e1 bem nem na equipe dele nem na sele\u00e7\u00e3o. Para qualquer atleta \u00e9 um orgulho enorme representar seu pa\u00eds, mas ao que estamos vendo, este n\u00e3o \u00e9 o caso do camisa 10 da canarinha. Precisa ser visto por um m\u00e9dico com urg\u00eancia. N\u00e3o vou dizer que ele \u00e9 insubstitu\u00edvel, porque ningu\u00e9m o \u00e9, mas \u00e9 um grande jogador quando [&hellip;]<\/p>\n","protected":false},"author":1,"featured_media":49850,"comment_status":"open","ping_status":"closed","sticky":false,"template":"","format":"standard","meta":{"_links_to":"","_links_to_target":""},"categories":[15,1],"tags":[],"views":1202,"_links":{"self":[{"href":"https:\/\/www.brazilianpress.com\/v1\/wp-json\/wp\/v2\/posts\/49849"}],"collection":[{"href":"https:\/\/www.brazilianpress.com\/v1\/wp-json\/wp\/v2\/posts"}],"about":[{"href":"https:\/\/www.brazilianpress.com\/v1\/wp-json\/wp\/v2\/types\/post"}],"author":[{"embeddable":true,"href":"https:\/\/www.brazilianpress.com\/v1\/wp-json\/wp\/v2\/users\/1"}],"replies":[{"embeddable":true,"href":"https:\/\/www.brazilianpress.com\/v1\/wp-json\/wp\/v2\/comments?post=49849"}],"version-history":[{"count":1,"href":"https:\/\/www.brazilianpress.com\/v1\/wp-json\/wp\/v2\/posts\/49849\/revisions"}],"predecessor-version":[{"id":49851,"href":"https:\/\/www.brazilianpress.com\/v1\/wp-json\/wp\/v2\/posts\/49849\/revisions\/49851"}],"wp:featuredmedia":[{"embeddable":true,"href":"https:\/\/www.brazilianpress.com\/v1\/wp-json\/wp\/v2\/media\/49850"}],"wp:attachment":[{"href":"https:\/\/www.brazilianpress.com\/v1\/wp-json\/wp\/v2\/media?parent=49849"}],"wp:term":[{"taxonomy":"category","embeddable":true,"href":"https:\/\/www.brazilianpress.com\/v1\/wp-json\/wp\/v2\/categories?post=49849"},{"taxonomy":"post_tag","embeddable":true,"href":"https:\/\/www.brazilianpress.com\/v1\/wp-json\/wp\/v2\/tags?post=49849"}],"curies":[{"name":"wp","href":"https:\/\/api.w.org\/{rel}","templated":true}]}}