{"id":49873,"date":"2021-10-15T12:50:51","date_gmt":"2021-10-15T16:50:51","guid":{"rendered":"https:\/\/www.brazilianpress.com\/v1\/?p=49873"},"modified":"2021-10-15T12:50:51","modified_gmt":"2021-10-15T16:50:51","slug":"governo-de-biden-ordena-o-fim-das-invasoes-do-ice-nos-locais-de-trabalho","status":"publish","type":"post","link":"https:\/\/www.brazilianpress.com\/v1\/2021\/10\/15\/governo-de-biden-ordena-o-fim-das-invasoes-do-ice-nos-locais-de-trabalho\/","title":{"rendered":"Governo de Biden ordena o fim das invas\u00f5es do ICE nos locais de trabalho"},"content":{"rendered":"<p><strong>O governo federal anunciou na ter\u00e7a-feira que n\u00e3o haver\u00e1 mais invas\u00f5es nos locais de trabalho em busca de imigrantes sem documentos e se concentrar\u00e1 mais nos empregadores e no respeito \u00e0s leis trabalhistas para prevenir a &#8220;explora\u00e7\u00e3o&#8221; dos migrantes.<\/strong><\/p>\n<p>&#8220;N\u00e3o toleraremos empregadores inescrupulosos que exploram trabalhadores n\u00e3o autorizados realizando atividades ilegais ou impondo condi\u00e7\u00f5es de trabalho insalubres ou perigosas&#8221;, disse o chefe do Departamento de Seguran\u00e7a Interna (DHS), Alejandro Mayorkas, em um comunicado.<\/p>\n<p>Um memorando de Mayorkas pedia o fim das incurs\u00f5es em massa nos locais de trabalho afirmando que, durante a administra\u00e7\u00e3o do ex-presidente Donald Trump, &#8220;essas opera\u00e7\u00f5es resultaram na pris\u00e3o simult\u00e2nea de centenas de trabalhadores&#8221;. As batidas &#8220;foram usadas como uma ferramenta por empregadores exploradores para reprimir e retaliar os trabalhadores que faziam valer nossas leis trabalhistas&#8221;, disse o comunicado.\u00a0 \u201cOs funcion\u00e1rios que se envolverem em a\u00e7\u00f5es ilegais ser\u00e3o o foco de nossos recursos de aplica\u00e7\u00e3o da lei\u201d, disse Mayorkas.\u00a0&#8220;Ao tomar medidas que visem os empregadores mais inescrupulosos, protegeremos tanto os trabalhadores quanto as empresas americanas leg\u00edtimas.&#8221;<\/p>\n<p>No in\u00edcio de 2020, o Immigration and Customs Enforcement Service (ICE) tinha uma m\u00e9dia di\u00e1ria de 40.000 pessoas detidas e atualmente tem pouco mais de 21.800 sob sua cust\u00f3dia em diferentes centros de deten\u00e7\u00e3o em todo o pa\u00eds. As pris\u00f5es, que durante a administra\u00e7\u00e3o Trump inclu\u00edram batidas em locais de trabalho, ca\u00edram de 6.000 em dezembro de 2020 para 3.600 em agosto de 2021, de acordo com dados do ICE.<\/p>\n<p>Em julho, o Caucus Hisp\u00e2nico no Congresso declarou em um comunicado que &#8220;a difama\u00e7\u00e3o das comunidades de imigrantes aumentou a vigil\u00e2ncia e as pris\u00f5es pela Alf\u00e2ndega e Prote\u00e7\u00e3o de Fronteiras (CBP) e Imigra\u00e7\u00e3o e Fiscaliza\u00e7\u00e3o Alfandeg\u00e1ria (ICE)), muitas vezes em colabora\u00e7\u00e3o com as for\u00e7as policiais locais. &#8221; \u201cAs batidas e pris\u00f5es em massa que visam predominantemente as comunidades de imigrantes, e muitas vezes ocorrendo em escolas ou locais de trabalho, corroem a confian\u00e7a entre as comunidades e a pol\u00edcia\u201d, acrescentou o comunicado.<\/p>\n<p>Este memorando se junta \u00e0 mudan\u00e7a de prioridades para as pris\u00f5es e deporta\u00e7\u00f5es de imigrantes indocumentados pelo ICE que o governo federal anunciou em 30 de setembro, e que entrar\u00e1 em vigor em 29 de novembro. De acordo com as novas regras, a prioridade ser\u00e1 a deten\u00e7\u00e3o e deporta\u00e7\u00e3o de criminosos e daqueles que recentemente cruzaram a fronteira ilegalmente. Em seguida, Mayorkas disse ao The Washington Post\u00a0que os agentes do ICE n\u00e3o deveriam prender e deportar trabalhadores rurais, idosos ou aqueles que denunciaram propriet\u00e1rios ou empregadores &#8220;inescrupulosos&#8221; ou participaram de manifesta\u00e7\u00f5es de protesto.<\/p>\n<p>&nbsp;<\/p>\n","protected":false},"excerpt":{"rendered":"<p>O governo federal anunciou na ter\u00e7a-feira que n\u00e3o haver\u00e1 mais invas\u00f5es nos locais de trabalho em busca de imigrantes sem documentos e se concentrar\u00e1 mais nos empregadores e no respeito \u00e0s leis trabalhistas para prevenir a &#8220;explora\u00e7\u00e3o&#8221; dos migrantes. &#8220;N\u00e3o toleraremos empregadores inescrupulosos que exploram trabalhadores n\u00e3o autorizados realizando atividades ilegais ou impondo condi\u00e7\u00f5es de trabalho insalubres ou perigosas&#8221;, disse o chefe do Departamento de Seguran\u00e7a Interna (DHS), Alejandro Mayorkas, em um comunicado. Um memorando de Mayorkas pedia o fim das incurs\u00f5es em massa nos locais de trabalho afirmando que, durante a administra\u00e7\u00e3o do ex-presidente Donald Trump, &#8220;essas opera\u00e7\u00f5es resultaram [&hellip;]<\/p>\n","protected":false},"author":1,"featured_media":49874,"comment_status":"open","ping_status":"closed","sticky":false,"template":"","format":"standard","meta":{"_links_to":"","_links_to_target":""},"categories":[4,3,1],"tags":[],"views":1184,"_links":{"self":[{"href":"https:\/\/www.brazilianpress.com\/v1\/wp-json\/wp\/v2\/posts\/49873"}],"collection":[{"href":"https:\/\/www.brazilianpress.com\/v1\/wp-json\/wp\/v2\/posts"}],"about":[{"href":"https:\/\/www.brazilianpress.com\/v1\/wp-json\/wp\/v2\/types\/post"}],"author":[{"embeddable":true,"href":"https:\/\/www.brazilianpress.com\/v1\/wp-json\/wp\/v2\/users\/1"}],"replies":[{"embeddable":true,"href":"https:\/\/www.brazilianpress.com\/v1\/wp-json\/wp\/v2\/comments?post=49873"}],"version-history":[{"count":1,"href":"https:\/\/www.brazilianpress.com\/v1\/wp-json\/wp\/v2\/posts\/49873\/revisions"}],"predecessor-version":[{"id":49875,"href":"https:\/\/www.brazilianpress.com\/v1\/wp-json\/wp\/v2\/posts\/49873\/revisions\/49875"}],"wp:featuredmedia":[{"embeddable":true,"href":"https:\/\/www.brazilianpress.com\/v1\/wp-json\/wp\/v2\/media\/49874"}],"wp:attachment":[{"href":"https:\/\/www.brazilianpress.com\/v1\/wp-json\/wp\/v2\/media?parent=49873"}],"wp:term":[{"taxonomy":"category","embeddable":true,"href":"https:\/\/www.brazilianpress.com\/v1\/wp-json\/wp\/v2\/categories?post=49873"},{"taxonomy":"post_tag","embeddable":true,"href":"https:\/\/www.brazilianpress.com\/v1\/wp-json\/wp\/v2\/tags?post=49873"}],"curies":[{"name":"wp","href":"https:\/\/api.w.org\/{rel}","templated":true}]}}