{"id":49895,"date":"2021-10-17T09:50:24","date_gmt":"2021-10-17T13:50:24","guid":{"rendered":"https:\/\/www.brazilianpress.com\/v1\/?p=49895"},"modified":"2021-10-17T09:50:24","modified_gmt":"2021-10-17T13:50:24","slug":"governo-biden-deve-reativar-programa-anti-imigracao-de-trump-contra-pedidos-de-asilo","status":"publish","type":"post","link":"https:\/\/www.brazilianpress.com\/v1\/2021\/10\/17\/governo-biden-deve-reativar-programa-anti-imigracao-de-trump-contra-pedidos-de-asilo\/","title":{"rendered":"Governo Biden deve reativar programa anti-imigra\u00e7\u00e3o de Trump, contra pedidos de asilo"},"content":{"rendered":"<p><strong>O Governo Joe Biden anunciou, esta sexta-feira, que vai reativar a pol\u00edtica anti-imigra\u00e7\u00e3o nas fronteiras da era Trump, que for\u00e7ou milhares de requerentes de asilo a aguardarem a conclus\u00e3o dos seus processos no M\u00e9xico, muitas vezes durante longos per\u00edodos e em condi\u00e7\u00f5es prec\u00e1rias e perigosas.<\/strong><\/p>\n<p>O Presidente dos Estados Unidos, Joe Biden, suspendeu esta pol\u00edtica anti-imigra\u00e7\u00e3o, conhecida como \u201cRemain in Mexico\u201d, em finais de janeiro, dias depois de ter tomado posse. Mas agora, um juiz federal ordenou \u00e0 sua Administra\u00e7\u00e3o que reativasse o programa, pode ler-se no jornal The Guardian.<\/p>\n<p>Na primeira decis\u00e3o, em agosto deste ano, o tribunal ordenou \u00e0 Administra\u00e7\u00e3o democrata que restaurasse esta pol\u00edtica da era Trump, a pedido dos estados do Texas e do Missouri, mas esta n\u00e3o acatou a decis\u00e3o.<\/p>\n<p>Agora, uma ordem do Supremo Tribunal fez o Executivo mudar de atitude, mas o Departamento de justi\u00e7a dos EUA j\u00e1 avisou que a reintegra\u00e7\u00e3o do programa est\u00e1 dependente da aprova\u00e7\u00e3o do Governo mexicano. Segundo o jornal brit\u00e2nico, espera-se que o programa entre novamente em vigor em meados de novembro.<\/p>\n<p>Donald Trump introduziu o programa \u201cRemain in Mexico\u201d em janeiro de 2019 e, desde ent\u00e3o, estima-se que pelo menos 70 mil requerentes de asilo tenham sido obrigados a ficar no lado da fronteira mexicana, muitas vezes durante longos per\u00edodos de tempo e sujeitos a condi\u00e7\u00f5es prec\u00e1rias e perigosas, enquanto aguardavam a conclus\u00e3o dos seus processos nos tribunais norte-americanos.<\/p>\n<p>De acordo com o jornal Washington Post, fontes da Administra\u00e7\u00e3o norte-americana avan\u00e7am que j\u00e1 foram assinados contratos para reabrir os chamados \u201ctribunais em tendas\u201d nas fronteiras em Laredo e Brownsville, no Texas, onde os requerentes de asilo v\u00e3o ser presentes a audi\u00eancias por videoconfer\u00eancia, tal como ocorreu no Governo do Presidente republicano. A decis\u00e3o vai custar cerca de 14 milh\u00f5es de d\u00f3lares. Al\u00e9m desta pol\u00edtica de Trump que vai agora ser restabelecida, lembra o jornal norte-americano, a Administra\u00e7\u00e3o Biden tamb\u00e9m continua a usar a chamada pol\u00edtica Title 42, que permite a expuls\u00e3o imediata de migrantes justificada com a pandemia da covid-19. \/\/ Fonte: ZAP.<\/p>\n","protected":false},"excerpt":{"rendered":"<p>O Governo Joe Biden anunciou, esta sexta-feira, que vai reativar a pol\u00edtica anti-imigra\u00e7\u00e3o nas fronteiras da era Trump, que for\u00e7ou milhares de requerentes de asilo a aguardarem a conclus\u00e3o dos seus processos no M\u00e9xico, muitas vezes durante longos per\u00edodos e em condi\u00e7\u00f5es prec\u00e1rias e perigosas. O Presidente dos Estados Unidos, Joe Biden, suspendeu esta pol\u00edtica anti-imigra\u00e7\u00e3o, conhecida como \u201cRemain in Mexico\u201d, em finais de janeiro, dias depois de ter tomado posse. Mas agora, um juiz federal ordenou \u00e0 sua Administra\u00e7\u00e3o que reativasse o programa, pode ler-se no jornal The Guardian. Na primeira decis\u00e3o, em agosto deste ano, o tribunal ordenou [&hellip;]<\/p>\n","protected":false},"author":1,"featured_media":49896,"comment_status":"open","ping_status":"closed","sticky":false,"template":"","format":"standard","meta":{"_links_to":"","_links_to_target":""},"categories":[3,1,10],"tags":[],"views":1630,"_links":{"self":[{"href":"https:\/\/www.brazilianpress.com\/v1\/wp-json\/wp\/v2\/posts\/49895"}],"collection":[{"href":"https:\/\/www.brazilianpress.com\/v1\/wp-json\/wp\/v2\/posts"}],"about":[{"href":"https:\/\/www.brazilianpress.com\/v1\/wp-json\/wp\/v2\/types\/post"}],"author":[{"embeddable":true,"href":"https:\/\/www.brazilianpress.com\/v1\/wp-json\/wp\/v2\/users\/1"}],"replies":[{"embeddable":true,"href":"https:\/\/www.brazilianpress.com\/v1\/wp-json\/wp\/v2\/comments?post=49895"}],"version-history":[{"count":1,"href":"https:\/\/www.brazilianpress.com\/v1\/wp-json\/wp\/v2\/posts\/49895\/revisions"}],"predecessor-version":[{"id":49897,"href":"https:\/\/www.brazilianpress.com\/v1\/wp-json\/wp\/v2\/posts\/49895\/revisions\/49897"}],"wp:featuredmedia":[{"embeddable":true,"href":"https:\/\/www.brazilianpress.com\/v1\/wp-json\/wp\/v2\/media\/49896"}],"wp:attachment":[{"href":"https:\/\/www.brazilianpress.com\/v1\/wp-json\/wp\/v2\/media?parent=49895"}],"wp:term":[{"taxonomy":"category","embeddable":true,"href":"https:\/\/www.brazilianpress.com\/v1\/wp-json\/wp\/v2\/categories?post=49895"},{"taxonomy":"post_tag","embeddable":true,"href":"https:\/\/www.brazilianpress.com\/v1\/wp-json\/wp\/v2\/tags?post=49895"}],"curies":[{"name":"wp","href":"https:\/\/api.w.org\/{rel}","templated":true}]}}