{"id":49902,"date":"2021-10-18T18:46:29","date_gmt":"2021-10-18T22:46:29","guid":{"rendered":"https:\/\/www.brazilianpress.com\/v1\/?p=49902"},"modified":"2021-10-18T18:47:05","modified_gmt":"2021-10-18T22:47:05","slug":"crise-migratoria-biden-ve-popularidade-derreter-enquanto-problemas-se-multiplicam-em-seu-governo","status":"publish","type":"post","link":"https:\/\/www.brazilianpress.com\/v1\/2021\/10\/18\/crise-migratoria-biden-ve-popularidade-derreter-enquanto-problemas-se-multiplicam-em-seu-governo\/","title":{"rendered":"Crise migrat\u00f3ria: Biden v\u00ea popularidade derreter enquanto problemas se multiplicam em seu governo"},"content":{"rendered":"<p><strong>Eleito presidente com base em plataforma de uma nota s\u00f3 \u2014 derrotar Donald Trump \u2014, Joe Biden, pol\u00edtico experiente que \u00e9, deveria saber que precisava causar impacto para imprimir uma marca em seu governo. Nos primeiros seis meses, p\u00f4de contar com a curva descendente da pandemia, resultado da vacina\u00e7\u00e3o em massa contra a Covid-19, para se manter nas boas gra\u00e7as do eleitorado.<\/strong><\/p>\n<p>Mas agora a inevit\u00e1vel realidade se imp\u00f4s, trazendo consigo a tamb\u00e9m inexor\u00e1vel queda de popularidade \u2014 s\u00f3 que, no caso de Biden, deixando um gosto mais amargo do que o habitual. Em agosto, pela primeira vez desde que se instalou na Casa Branca, sua taxa de aprova\u00e7\u00e3o caiu abaixo dos 50%, produto de um grande \u2014 e desastrado \u2014 gesto: a ca\u00f3tica retirada das tropas americanas do Afeganist\u00e3o e a retomada do poder pelos fundamentalistas do Talib\u00e3.<\/p>\n<p><img src=\"https:\/\/veja.abril.com.br\/wp-content\/uploads\/2021\/10\/000_9N86EW.jpg.jpg?quality=70&amp;strip=info\" alt=\"CHOQUE -\u2002Imigrantes haitianos na fronteira: problema que se agrava a cada dia -\" \/><\/p>\n<p>Um novo surto de casos de Covid-19 transmitidos pela variante delta e a divulga\u00e7\u00e3o de imagens chocantes de imigrantes haitianos desabrigados e sendo chicoteados por patrulheiros ao cruzar a fronteira com o M\u00e9xico tiraram mais lascas do cacife do presidente, que amarga agora um recorde de desaprova\u00e7\u00e3o de 53%, com apenas 38% dos americanos a favor de sua atua\u00e7\u00e3o \u2014 o mais baixo \u00edndice neste est\u00e1gio desde Bill Clinton, praticamente empatado com o do antecessor Trump. A crise da imigra\u00e7\u00e3o continua a assombrar, intensificando-se a cada dia, sem solu\u00e7\u00e3o \u00e0 vista. E o enrolado Biden se debru\u00e7a sobre mais um enrosco: a aprova\u00e7\u00e3o no Congresso de dois pacotes trilion\u00e1rios, cruciais para implementar sua agenda econ\u00f4mica e melhorar a imagem de sua administra\u00e7\u00e3o, mas que viraram motivo de briga feia entre deputados e senadores de seu pr\u00f3prio partido.<\/p>\n<p>A primeira iniciativa \u00e9 um plano de 1,2 trilh\u00e3o de d\u00f3lares para renova\u00e7\u00e3o da infraestrutura com a constru\u00e7\u00e3o e reforma de rodovias e sistemas de saneamento, projetos de moradia e expans\u00e3o de energias renov\u00e1veis \u2014 um pacote ambicioso que, de quebra, criaria empregos e daria f\u00f4lego \u00e0 economia. Enxugado para metade da proposta original e aprovado pelo Senado h\u00e1 dois meses, o texto, antes de ser assi\u00adna\u00addo por Biden, precisa passar pela C\u00e2mara dos Deputados \u2014 e a\u00ed mora o perigo. Uma rixa ideol\u00f3gica entre as alas progressista e moderada do Partido Democrata est\u00e1 emperrando toda e qualquer vota\u00e7\u00e3o na Casa, onde a maioria requer 218 votos e o bloco democrata inteiro tem 220 cadeiras.<\/p>\n<p><img src=\"https:\/\/veja.abril.com.br\/wp-content\/uploads\/2021\/10\/GettyImages-1342317745-1.jpg-1.jpg\" alt=\"O fim da lua de mel de Joe Biden no governo americano | VEJA\" \/><\/p>\n<p>O pacote da infraestrutura nem \u00e9 problema. Praticamente todo o Congresso, at\u00e9 os \u201cinimigos\u201d republicanos, concorda que ele contribuir\u00e1 para uma sa\u00edda mais r\u00e1pida do abismo econ\u00f4mico cavado pela pandemia. Mas o estridente grupo da chamada esquerda democrata condiciona seu apoio \u00e0 aprova\u00e7\u00e3o de um segundo pacote, mais farto \u2014 come\u00e7ou em 3,5 trilh\u00f5es de d\u00f3lares e est\u00e1 hoje no patamar dos 2,3 trilh\u00f5es \u2014 e bem mais pol\u00eamico, voltado para a expans\u00e3o dos investimentos em prote\u00e7\u00e3o do meio ambiente, garantias a imigrantes, expans\u00e3o da educa\u00e7\u00e3o e sa\u00fade gratuitas e outras quest\u00f5es sociais.<\/p>\n<p>Batizado de Build Back Better (BBB), o projeto prev\u00ea bancar parte da gastan\u00e7a com um aumento dos impostos das corpora\u00e7\u00f5es, de 21% para 28% ao ano, e dos milion\u00e1rios \u2014 quem ganha acima de 400\u2009000 d\u00f3lares anuais estaria sujeito a tributos de at\u00e9 39,6%. Os democratas progressistas, puxados pela voz radical do senador Bernie Sanders, ainda n\u00e3o engoliram o corte de recursos j\u00e1 acertado por Biden e lutam por uns milh\u00f5es de d\u00f3lares a mais. Os moderados advogam gastos que caibam no or\u00e7amento federal e alta de tributos mais suave. Para piorar, dois senadores democratas, Joe Manchin e Kyrsten Sinema, batem o p\u00e9 para que o total a ser investido n\u00e3o passe de 1,5 trilh\u00e3o de d\u00f3lares e os impostos cobrados das empresas tenham um teto m\u00e1ximo de 25%. \u201cO impasse no Congresso tem a complexidade de um jogo de xadrez. Basta um voto contr\u00e1rio entre os democratas para afundar os dois projetos de uma vez s\u00f3\u201d, diz James Thurber, analista pol\u00edtico da American University, na capital, Washington.<\/p>\n<p>A tens\u00e3o \u00e9 t\u00e3o grande que, durante uma reuni\u00e3o com o presidente, um deputado chegou a sugerir trancar Sanders e Manchin em uma sala at\u00e9 que eles chegassem a um acordo. \u201cSeria como pedir para que um homic\u00eddio aconte\u00e7a\u201d, teria respondido Joe Biden, segundo fontes que acompanharam o di\u00e1logo. O presidente joga com a expectativa de que as duas alas em lit\u00edgio no Partido Democrata deponham as armas, firmem uma tr\u00e9gua e aprovem pelo menos parte das medidas propostas em nome de um projeto maior: as elei\u00e7\u00f5es legislativas de 2022, na qual os democratas correm o risco de perder sua precar\u00edssima maioria na C\u00e2mara e no Senado. E com o Congresso dominado pelos republicanos m\u00e3o-\u00adfechada, Biden pode dar adeus a seus planos trilion\u00e1rios. \/\/ Veja Online.<\/p>\n","protected":false},"excerpt":{"rendered":"<p>Eleito presidente com base em plataforma de uma nota s\u00f3 \u2014 derrotar Donald Trump \u2014, Joe Biden, pol\u00edtico experiente que \u00e9, deveria saber que precisava causar impacto para imprimir uma marca em seu governo. Nos primeiros seis meses, p\u00f4de contar com a curva descendente da pandemia, resultado da vacina\u00e7\u00e3o em massa contra a Covid-19, para se manter nas boas gra\u00e7as do eleitorado. Mas agora a inevit\u00e1vel realidade se imp\u00f4s, trazendo consigo a tamb\u00e9m inexor\u00e1vel queda de popularidade \u2014 s\u00f3 que, no caso de Biden, deixando um gosto mais amargo do que o habitual. Em agosto, pela primeira vez desde que [&hellip;]<\/p>\n","protected":false},"author":1,"featured_media":49903,"comment_status":"open","ping_status":"closed","sticky":false,"template":"","format":"standard","meta":{"_links_to":"","_links_to_target":""},"categories":[4,3,1],"tags":[],"views":1039,"_links":{"self":[{"href":"https:\/\/www.brazilianpress.com\/v1\/wp-json\/wp\/v2\/posts\/49902"}],"collection":[{"href":"https:\/\/www.brazilianpress.com\/v1\/wp-json\/wp\/v2\/posts"}],"about":[{"href":"https:\/\/www.brazilianpress.com\/v1\/wp-json\/wp\/v2\/types\/post"}],"author":[{"embeddable":true,"href":"https:\/\/www.brazilianpress.com\/v1\/wp-json\/wp\/v2\/users\/1"}],"replies":[{"embeddable":true,"href":"https:\/\/www.brazilianpress.com\/v1\/wp-json\/wp\/v2\/comments?post=49902"}],"version-history":[{"count":1,"href":"https:\/\/www.brazilianpress.com\/v1\/wp-json\/wp\/v2\/posts\/49902\/revisions"}],"predecessor-version":[{"id":49904,"href":"https:\/\/www.brazilianpress.com\/v1\/wp-json\/wp\/v2\/posts\/49902\/revisions\/49904"}],"wp:featuredmedia":[{"embeddable":true,"href":"https:\/\/www.brazilianpress.com\/v1\/wp-json\/wp\/v2\/media\/49903"}],"wp:attachment":[{"href":"https:\/\/www.brazilianpress.com\/v1\/wp-json\/wp\/v2\/media?parent=49902"}],"wp:term":[{"taxonomy":"category","embeddable":true,"href":"https:\/\/www.brazilianpress.com\/v1\/wp-json\/wp\/v2\/categories?post=49902"},{"taxonomy":"post_tag","embeddable":true,"href":"https:\/\/www.brazilianpress.com\/v1\/wp-json\/wp\/v2\/tags?post=49902"}],"curies":[{"name":"wp","href":"https:\/\/api.w.org\/{rel}","templated":true}]}}