{"id":49922,"date":"2021-10-20T17:11:15","date_gmt":"2021-10-20T21:11:15","guid":{"rendered":"https:\/\/www.brazilianpress.com\/v1\/?p=49922"},"modified":"2021-10-20T17:11:15","modified_gmt":"2021-10-20T21:11:15","slug":"mais-de-2-000-criancas-imigrantes-enviadas-para-new-york-e-nao-se-sabe-o-destino-delas","status":"publish","type":"post","link":"https:\/\/www.brazilianpress.com\/v1\/2021\/10\/20\/mais-de-2-000-criancas-imigrantes-enviadas-para-new-york-e-nao-se-sabe-o-destino-delas\/","title":{"rendered":"Mais de 2.000 crian\u00e7as imigrantes enviadas para New York e n\u00e3o se sabe o destino delas"},"content":{"rendered":"<p><strong>Mais de 2.000 crian\u00e7as imigrantes chegaram a New York desde junho e est\u00e3o chegando no Aeroporto do Condado de Westchester, em White Plains.\u00a0Muitos na \u00e1rea dizem que o governo Biden n\u00e3o respondeu \u00e0s perguntas sobre o que vai acontecer com elas.<\/strong><\/p>\n<p>Duas autoridades americanas confirmaram que os voos para a \u00e1rea de New York aumentaram \u00e0 medida que o n\u00famero de imigrantes que chegam \u00e0 fronteira sul do pa\u00eds, menores em muitos casos, aumentou drasticamente este ano.\u00a0Funcion\u00e1rios disseram que o n\u00famero de pessoas que chegam aos Estados Unidos \u00e9 o maior em 15 anos.<\/p>\n<p>&#8220;\u00c9 nossa responsabilidade legal cuidar com seguran\u00e7a de crian\u00e7as desacompanhadas at\u00e9 que elas possam se unir rapidamente a um pai ou respons\u00e1vel&#8221;, disse a secret\u00e1ria de imprensa da Casa Branca, Jen Psaki. No entanto, h\u00e1 apelos de ambos os lados do corredor pol\u00edtico para que o governo forne\u00e7a mais informa\u00e7\u00f5es sobre as crian\u00e7as transportadas, quem as est\u00e1 monitorando e o que deve acontecer com elas. O ex-executivo do condado de Westchester e atual aspirante a governador de New York, Rob Astorino, disse que crian\u00e7as t\u00eam chegado \u00e0 \u00e1rea em voos fretados pelo governo federal e exigem respostas.<\/p>\n<p>\u201cN\u00e3o temos respostas para perguntas b\u00e1sicas como: quem vem aqui? Onde eles s\u00e3o instalados ou levados? Qual \u00e9 o seu estado de vacina\u00e7\u00e3o?\u201d Astorino perguntou ter\u00e7a-feira.\u00a0Ele tem levantado quest\u00f5es sobre a chegada de voos desde agosto e diz que recebeu poucos coment\u00e1rios.<\/p>\n<p>&#8220;Esses voos est\u00e3o pousando em Westchester desde abril. Naquela \u00e9poca, havia avi\u00f5es menores. Desde agosto ou julho, s\u00e3o voos grandes, s\u00e3o 737&#8221;, disse Astorino. \u201cIsso tem muito a ver com o fato de nosso pr\u00f3prio governo n\u00e3o dar \u00e0s pessoas informa\u00e7\u00f5es que afetam suas vidas\u201d. Astorino disse ter feito um v\u00eddeo de pessoas saindo de um dos voos para documentar o influxo dos chamados menores desacompanhados. At\u00e9 mesmo os democratas disseram que a falta de informa\u00e7\u00e3o \u00e9 um problema que precisa ser resolvido.<\/p>\n<p>\u201cPrecisamos de informa\u00e7\u00f5es da administra\u00e7\u00e3o. Para onde eles est\u00e3o enviando essas crian\u00e7as? Para que os distritos escolares possam estar preparados para o fluxo de crian\u00e7as e, ent\u00e3o, precisamos conseguir dinheiro para elas\u201d, disse o representante dos EUA, Tom Suozzi. &#8220;Estou com raiva e frustrado.&#8221; Suozzi disse que 2.500 menores foram transferidos apenas para Queens e Long Island, e 50 est\u00e3o alojados em uma instala\u00e7\u00e3o em Syosset. O congressista republicano Lee Zeldin levou as cr\u00edticas um passo adiante, dizendo que &#8220;a obscuridade e a falta de transpar\u00eancia do governo Biden s\u00e3o completamente inaceit\u00e1veis&#8221;. Um porta-voz do atual executivo do condado de Westchester, George Latimer, disse que os imigrantes s\u00e3o vacinados ou examinados antes de chegarem.<\/p>\n","protected":false},"excerpt":{"rendered":"<p>Mais de 2.000 crian\u00e7as imigrantes chegaram a New York desde junho e est\u00e3o chegando no Aeroporto do Condado de Westchester, em White Plains.\u00a0Muitos na \u00e1rea dizem que o governo Biden n\u00e3o respondeu \u00e0s perguntas sobre o que vai acontecer com elas. Duas autoridades americanas confirmaram que os voos para a \u00e1rea de New York aumentaram \u00e0 medida que o n\u00famero de imigrantes que chegam \u00e0 fronteira sul do pa\u00eds, menores em muitos casos, aumentou drasticamente este ano.\u00a0Funcion\u00e1rios disseram que o n\u00famero de pessoas que chegam aos Estados Unidos \u00e9 o maior em 15 anos. &#8220;\u00c9 nossa responsabilidade legal cuidar com [&hellip;]<\/p>\n","protected":false},"author":1,"featured_media":49923,"comment_status":"open","ping_status":"closed","sticky":false,"template":"","format":"standard","meta":{"_links_to":"","_links_to_target":""},"categories":[4,3,1],"tags":[],"views":1512,"_links":{"self":[{"href":"https:\/\/www.brazilianpress.com\/v1\/wp-json\/wp\/v2\/posts\/49922"}],"collection":[{"href":"https:\/\/www.brazilianpress.com\/v1\/wp-json\/wp\/v2\/posts"}],"about":[{"href":"https:\/\/www.brazilianpress.com\/v1\/wp-json\/wp\/v2\/types\/post"}],"author":[{"embeddable":true,"href":"https:\/\/www.brazilianpress.com\/v1\/wp-json\/wp\/v2\/users\/1"}],"replies":[{"embeddable":true,"href":"https:\/\/www.brazilianpress.com\/v1\/wp-json\/wp\/v2\/comments?post=49922"}],"version-history":[{"count":1,"href":"https:\/\/www.brazilianpress.com\/v1\/wp-json\/wp\/v2\/posts\/49922\/revisions"}],"predecessor-version":[{"id":49924,"href":"https:\/\/www.brazilianpress.com\/v1\/wp-json\/wp\/v2\/posts\/49922\/revisions\/49924"}],"wp:featuredmedia":[{"embeddable":true,"href":"https:\/\/www.brazilianpress.com\/v1\/wp-json\/wp\/v2\/media\/49923"}],"wp:attachment":[{"href":"https:\/\/www.brazilianpress.com\/v1\/wp-json\/wp\/v2\/media?parent=49922"}],"wp:term":[{"taxonomy":"category","embeddable":true,"href":"https:\/\/www.brazilianpress.com\/v1\/wp-json\/wp\/v2\/categories?post=49922"},{"taxonomy":"post_tag","embeddable":true,"href":"https:\/\/www.brazilianpress.com\/v1\/wp-json\/wp\/v2\/tags?post=49922"}],"curies":[{"name":"wp","href":"https:\/\/api.w.org\/{rel}","templated":true}]}}