{"id":49929,"date":"2021-10-21T10:06:50","date_gmt":"2021-10-21T14:06:50","guid":{"rendered":"https:\/\/www.brazilianpress.com\/v1\/?p=49929"},"modified":"2021-10-21T10:06:50","modified_gmt":"2021-10-21T14:06:50","slug":"policiais-e-bombeiros-de-ny-serao-obrigados-a-tomar-a-vacina-contra-a-covid-19-a-partir-de-1o-de-novembro","status":"publish","type":"post","link":"https:\/\/www.brazilianpress.com\/v1\/2021\/10\/21\/policiais-e-bombeiros-de-ny-serao-obrigados-a-tomar-a-vacina-contra-a-covid-19-a-partir-de-1o-de-novembro\/","title":{"rendered":"Policiais e bombeiros de NY ser\u00e3o obrigados a tomar a vacina contra a Covid-19 a partir de 1\u00ba de novembro"},"content":{"rendered":"<p><strong>Depois dos professores e dos profissionais de sa\u00fade, a prefeitura de New York obrigar\u00e1 policiais, bombeiros e demais trabalhadores municipais a tomar a vacina contra a covid-19, anunciou o prefeito Bill de Blasio.<\/strong><\/p>\n<p>&#8220;A obriga\u00e7\u00e3o entrar\u00e1 em vigor em 1\u00ba de novembro para todas as for\u00e7as de trabalho da cidade, entre elas a pol\u00edcia, os bombeiros e os garis&#8221;, informa um comunicado divulgado pelo munic\u00edpio, que iniciar\u00e1 &#8220;imediatamente negocia\u00e7\u00f5es de impacto com os sindicatos afetados&#8221;.<\/p>\n<p>A \u00fanica exce\u00e7\u00e3o \u00e0 medida \u00e9 a categoria de vigilantes penitenci\u00e1rios, para os quais a obrigatoriedade foi adiada at\u00e9 1\u00ba de dezembro devido \u00e0 falta de agentes na pris\u00e3o de Rikers Island, onde o agravamento das condi\u00e7\u00f5es de deten\u00e7\u00e3o foi denunciado repetidamente nas \u00faltimas semanas. Para incentivar a vacina\u00e7\u00e3o, o munic\u00edpio promete pagar 500 d\u00f3lares aos que receberem a primeira dose at\u00e9 29 de outubro. A partir desta data, os relutantes deixar\u00e3o de receber o sal\u00e1rio &#8220;at\u00e9 que apresentem o comprovante de vacina\u00e7\u00e3o aos superiores hier\u00e1rquicos&#8221;, explica.<\/p>\n<p>Ao menos 71% dos 160.000 funcion\u00e1rios da cidade j\u00e1 receberam ao menos uma dose da vacina, o que significa que 46.000 pessoas n\u00e3o foram imunizadas. At\u00e9 agora, a obriga\u00e7\u00e3o afetava apenas algumas profiss\u00f5es mais expostas ao p\u00fablico, como professores e profissionais da sa\u00fade. As demais tinham a op\u00e7\u00e3o de apresentar um teste negativo a cada semana para poder trabalhar. Muito afetada pela pandemia em 2020, Nova York j\u00e1 exige o certificado de vacina\u00e7\u00e3o para muitas atividades em locais fechados, como restaurantes, cinemas, teatros e academias.\u00a0 Mais de 34.000 pessoas morreram de covid-19 na cidade de mais de oito milh\u00f5es de habitantes.<\/p>\n","protected":false},"excerpt":{"rendered":"<p>Depois dos professores e dos profissionais de sa\u00fade, a prefeitura de New York obrigar\u00e1 policiais, bombeiros e demais trabalhadores municipais a tomar a vacina contra a covid-19, anunciou o prefeito Bill de Blasio. &#8220;A obriga\u00e7\u00e3o entrar\u00e1 em vigor em 1\u00ba de novembro para todas as for\u00e7as de trabalho da cidade, entre elas a pol\u00edcia, os bombeiros e os garis&#8221;, informa um comunicado divulgado pelo munic\u00edpio, que iniciar\u00e1 &#8220;imediatamente negocia\u00e7\u00f5es de impacto com os sindicatos afetados&#8221;. A \u00fanica exce\u00e7\u00e3o \u00e0 medida \u00e9 a categoria de vigilantes penitenci\u00e1rios, para os quais a obrigatoriedade foi adiada at\u00e9 1\u00ba de dezembro devido \u00e0 falta [&hellip;]<\/p>\n","protected":false},"author":1,"featured_media":44602,"comment_status":"open","ping_status":"closed","sticky":false,"template":"","format":"standard","meta":{"_links_to":"","_links_to_target":""},"categories":[3,1,10],"tags":[],"views":1190,"_links":{"self":[{"href":"https:\/\/www.brazilianpress.com\/v1\/wp-json\/wp\/v2\/posts\/49929"}],"collection":[{"href":"https:\/\/www.brazilianpress.com\/v1\/wp-json\/wp\/v2\/posts"}],"about":[{"href":"https:\/\/www.brazilianpress.com\/v1\/wp-json\/wp\/v2\/types\/post"}],"author":[{"embeddable":true,"href":"https:\/\/www.brazilianpress.com\/v1\/wp-json\/wp\/v2\/users\/1"}],"replies":[{"embeddable":true,"href":"https:\/\/www.brazilianpress.com\/v1\/wp-json\/wp\/v2\/comments?post=49929"}],"version-history":[{"count":1,"href":"https:\/\/www.brazilianpress.com\/v1\/wp-json\/wp\/v2\/posts\/49929\/revisions"}],"predecessor-version":[{"id":49930,"href":"https:\/\/www.brazilianpress.com\/v1\/wp-json\/wp\/v2\/posts\/49929\/revisions\/49930"}],"wp:featuredmedia":[{"embeddable":true,"href":"https:\/\/www.brazilianpress.com\/v1\/wp-json\/wp\/v2\/media\/44602"}],"wp:attachment":[{"href":"https:\/\/www.brazilianpress.com\/v1\/wp-json\/wp\/v2\/media?parent=49929"}],"wp:term":[{"taxonomy":"category","embeddable":true,"href":"https:\/\/www.brazilianpress.com\/v1\/wp-json\/wp\/v2\/categories?post=49929"},{"taxonomy":"post_tag","embeddable":true,"href":"https:\/\/www.brazilianpress.com\/v1\/wp-json\/wp\/v2\/tags?post=49929"}],"curies":[{"name":"wp","href":"https:\/\/api.w.org\/{rel}","templated":true}]}}