{"id":49952,"date":"2021-10-25T10:02:41","date_gmt":"2021-10-25T14:02:41","guid":{"rendered":"https:\/\/www.brazilianpress.com\/v1\/?p=49952"},"modified":"2021-10-25T10:02:41","modified_gmt":"2021-10-25T14:02:41","slug":"hiperinflacao-vai-mudar-tudo-nos-eua-diz-ceo-do-twitter","status":"publish","type":"post","link":"https:\/\/www.brazilianpress.com\/v1\/2021\/10\/25\/hiperinflacao-vai-mudar-tudo-nos-eua-diz-ceo-do-twitter\/","title":{"rendered":"\u201cHiperinfla\u00e7\u00e3o vai mudar tudo\u201d nos EUA, diz CEO do Twitter"},"content":{"rendered":"<p><strong>A infla\u00e7\u00e3o n\u00e3o preocupa apenas o mercado brasileiro. Na \u00faltima sexta-feira (22), o CEO do Twitter, Jack Dorsey, afirmou que a hiperinfla\u00e7\u00e3o &#8220;vai acontecer nos Estados Unidos logo, assim como no mundo todo&#8221;.<\/strong><\/p>\n<p>O fen\u00f4meno de hiperinfla\u00e7\u00e3o \u00e9 o aumento descontrolado e cont\u00ednuo do pre\u00e7o de bens e servi\u00e7os e est\u00e1 relacionado ao aumento de gastos p\u00fablicos no cen\u00e1rio de controle \u00e0 pandemia. O Bureau of Labor Statistics divulgou que o \u00cdndice de Pre\u00e7os ao Consumidor, utilizado para medir a infla\u00e7\u00e3o dos Estados Unidos, subiu 0,4% no m\u00eas de setembro. Segundo o site Business Insider, a economia americana sofre com uma crise desabastecimento, agravada pela retomada do consumo e pela falta de m\u00e3o de obra e insumos.<\/p>\n<p><img src=\"https:\/\/img1.10bestmedia.com\/Images\/Photos\/385959\/Trader-Joe-s_54_990x660.JPG\" alt=\"Best Supermarket Winners (2021) | USA TODAY 10Best\" \/><\/p>\n<p>Para enfrentar esses problemas, o presidente Joe Biden tenta aprovar seu plano de infraestrutura, em tramita\u00e7\u00e3o no Congresso. Para reverter o cen\u00e1rio e aumento de 5,4% da infla\u00e7\u00e3o nos \u00faltimos 12 meses, apesar da meta anual de 2%, o Federal Reserve (Banco Central dos Estados Unidos) pretende reduzir a inje\u00e7\u00e3o de recursos no mercado, no processo de &#8220;tapering&#8221;. O Fed deve deixar de comprar t\u00edtulos para reanimar a economia, como fez durante a pandemia. Os juros tamb\u00e9m podem sofrer nova alta na tentativa de frear a infla\u00e7\u00e3o.<\/p>\n","protected":false},"excerpt":{"rendered":"<p>A infla\u00e7\u00e3o n\u00e3o preocupa apenas o mercado brasileiro. Na \u00faltima sexta-feira (22), o CEO do Twitter, Jack Dorsey, afirmou que a hiperinfla\u00e7\u00e3o &#8220;vai acontecer nos Estados Unidos logo, assim como no mundo todo&#8221;. O fen\u00f4meno de hiperinfla\u00e7\u00e3o \u00e9 o aumento descontrolado e cont\u00ednuo do pre\u00e7o de bens e servi\u00e7os e est\u00e1 relacionado ao aumento de gastos p\u00fablicos no cen\u00e1rio de controle \u00e0 pandemia. O Bureau of Labor Statistics divulgou que o \u00cdndice de Pre\u00e7os ao Consumidor, utilizado para medir a infla\u00e7\u00e3o dos Estados Unidos, subiu 0,4% no m\u00eas de setembro. Segundo o site Business Insider, a economia americana sofre com [&hellip;]<\/p>\n","protected":false},"author":1,"featured_media":49954,"comment_status":"open","ping_status":"closed","sticky":false,"template":"","format":"standard","meta":{"_links_to":"","_links_to_target":""},"categories":[3,1,10],"tags":[],"views":2249,"_links":{"self":[{"href":"https:\/\/www.brazilianpress.com\/v1\/wp-json\/wp\/v2\/posts\/49952"}],"collection":[{"href":"https:\/\/www.brazilianpress.com\/v1\/wp-json\/wp\/v2\/posts"}],"about":[{"href":"https:\/\/www.brazilianpress.com\/v1\/wp-json\/wp\/v2\/types\/post"}],"author":[{"embeddable":true,"href":"https:\/\/www.brazilianpress.com\/v1\/wp-json\/wp\/v2\/users\/1"}],"replies":[{"embeddable":true,"href":"https:\/\/www.brazilianpress.com\/v1\/wp-json\/wp\/v2\/comments?post=49952"}],"version-history":[{"count":2,"href":"https:\/\/www.brazilianpress.com\/v1\/wp-json\/wp\/v2\/posts\/49952\/revisions"}],"predecessor-version":[{"id":49955,"href":"https:\/\/www.brazilianpress.com\/v1\/wp-json\/wp\/v2\/posts\/49952\/revisions\/49955"}],"wp:featuredmedia":[{"embeddable":true,"href":"https:\/\/www.brazilianpress.com\/v1\/wp-json\/wp\/v2\/media\/49954"}],"wp:attachment":[{"href":"https:\/\/www.brazilianpress.com\/v1\/wp-json\/wp\/v2\/media?parent=49952"}],"wp:term":[{"taxonomy":"category","embeddable":true,"href":"https:\/\/www.brazilianpress.com\/v1\/wp-json\/wp\/v2\/categories?post=49952"},{"taxonomy":"post_tag","embeddable":true,"href":"https:\/\/www.brazilianpress.com\/v1\/wp-json\/wp\/v2\/tags?post=49952"}],"curies":[{"name":"wp","href":"https:\/\/api.w.org\/{rel}","templated":true}]}}