{"id":49998,"date":"2021-10-29T09:03:05","date_gmt":"2021-10-29T13:03:05","guid":{"rendered":"https:\/\/www.brazilianpress.com\/v1\/?p=49998"},"modified":"2021-10-29T09:03:05","modified_gmt":"2021-10-29T13:03:05","slug":"social-press-29-10-2021","status":"publish","type":"post","link":"https:\/\/www.brazilianpress.com\/v1\/2021\/10\/29\/social-press-29-10-2021\/","title":{"rendered":"Social Press . 29\/10\/2021"},"content":{"rendered":"<p><em><strong>Grande Inaugura\u00e7\u00e3o SB Beauty Spa localizado no 572 Market Street em Newark, tel (973) 419-2851 e (973) 943-6354. As propriet\u00e1rias Soraia e Suellen avisam que est\u00e3o com grande promo\u00e7\u00e3o de Abertura. Parab\u00e9ns e Sucesso!<\/strong><\/em><\/p>\n<p><em><strong><img loading=\"lazy\" class=\"alignnone size-full wp-image-49991\" src=\"https:\/\/www.brazilianpress.com\/v1\/wp-content\/uploads\/2021\/10\/Foto-2-A-delicia-e-o-frescor.jpeg\" alt=\"\" width=\"689\" height=\"450\" srcset=\"https:\/\/www.brazilianpress.com\/v1\/wp-content\/uploads\/2021\/10\/Foto-2-A-delicia-e-o-frescor.jpeg 689w, https:\/\/www.brazilianpress.com\/v1\/wp-content\/uploads\/2021\/10\/Foto-2-A-delicia-e-o-frescor-300x196.jpeg 300w\" sizes=\"(max-width: 689px) 100vw, 689px\" \/><br \/>\nA del\u00edcia e o frescor de saber desfrutar a fam\u00edlia e a vida com muito amor e bom humor, a querida Dominic Kimoto faz naturalmente na Calif\u00f3rnia.<\/strong><\/em><\/p>\n<p><em><strong><img loading=\"lazy\" class=\"alignnone size-full wp-image-49992\" src=\"https:\/\/www.brazilianpress.com\/v1\/wp-content\/uploads\/2021\/10\/Foto-3-As-vezes-a-gente-abre.jpeg\" alt=\"\" width=\"609\" height=\"450\" srcset=\"https:\/\/www.brazilianpress.com\/v1\/wp-content\/uploads\/2021\/10\/Foto-3-As-vezes-a-gente-abre.jpeg 609w, https:\/\/www.brazilianpress.com\/v1\/wp-content\/uploads\/2021\/10\/Foto-3-As-vezes-a-gente-abre-300x222.jpeg 300w\" sizes=\"(max-width: 609px) 100vw, 609px\" \/><br \/>\nAs vezes a gente abrir um sorriso bonito para alegrar o nosso dia,\u00a0 Izabel Figueiredo faz isso naturalmente e diariamente.<\/strong><\/em><\/p>\n<p><em><strong><img loading=\"lazy\" class=\"alignnone size-full wp-image-49993\" src=\"https:\/\/www.brazilianpress.com\/v1\/wp-content\/uploads\/2021\/10\/Foto-4-Os-parabens-hoje-vai-para.jpeg\" alt=\"\" width=\"544\" height=\"450\" srcset=\"https:\/\/www.brazilianpress.com\/v1\/wp-content\/uploads\/2021\/10\/Foto-4-Os-parabens-hoje-vai-para.jpeg 544w, https:\/\/www.brazilianpress.com\/v1\/wp-content\/uploads\/2021\/10\/Foto-4-Os-parabens-hoje-vai-para-300x248.jpeg 300w\" sizes=\"(max-width: 544px) 100vw, 544px\" \/><br \/>\nOs parab\u00e9ns hoje vai para Stacy Emily Barsanulfo! Que venham muitos anos de vida e que seus sonhos sempre sejam os mesmo de Deus pra sua vida.<\/strong><\/em><\/p>\n<p><em><strong><img loading=\"lazy\" class=\"alignnone size-full wp-image-49994\" src=\"https:\/\/www.brazilianpress.com\/v1\/wp-content\/uploads\/2021\/10\/Foto-5-Social-Media-.jpeg\" alt=\"\" width=\"700\" height=\"432\" srcset=\"https:\/\/www.brazilianpress.com\/v1\/wp-content\/uploads\/2021\/10\/Foto-5-Social-Media-.jpeg 700w, https:\/\/www.brazilianpress.com\/v1\/wp-content\/uploads\/2021\/10\/Foto-5-Social-Media--300x185.jpeg 300w\" sizes=\"(max-width: 700px) 100vw, 700px\" \/><br \/>\nSocial media &#8211; marketing digital estrat\u00e9gico &#8211; desenvolvimento de marcas Nayra Teodoro veio pra inovar com todo conhecimento da \u00e1rea digital! Ela atua administrando redes sociais de brasileiros e est\u00e1 Bloqueira de S\u00e3o Paulo est\u00e1 bombando em nossa comunidade Instagram @theloftyagency.<\/strong><\/em><\/p>\n<p><em><strong><img loading=\"lazy\" class=\"alignnone size-full wp-image-49995\" src=\"https:\/\/www.brazilianpress.com\/v1\/wp-content\/uploads\/2021\/10\/Foto-6-Isabella-Mendonca.jpeg\" alt=\"\" width=\"700\" height=\"432\" srcset=\"https:\/\/www.brazilianpress.com\/v1\/wp-content\/uploads\/2021\/10\/Foto-6-Isabella-Mendonca.jpeg 700w, https:\/\/www.brazilianpress.com\/v1\/wp-content\/uploads\/2021\/10\/Foto-6-Isabella-Mendonca-300x185.jpeg 300w\" sizes=\"(max-width: 700px) 100vw, 700px\" \/><br \/>\nIsabela Mendoza vem com todo seu charme\u00a0 de mudan\u00e7a para New Jersey.<\/strong><\/em><\/p>\n<p><em><strong><img loading=\"lazy\" class=\"alignnone size-full wp-image-49996\" src=\"https:\/\/www.brazilianpress.com\/v1\/wp-content\/uploads\/2021\/10\/Foto-7-Feliz-aniversario-ao-camarada.jpg\" alt=\"\" width=\"674\" height=\"450\" srcset=\"https:\/\/www.brazilianpress.com\/v1\/wp-content\/uploads\/2021\/10\/Foto-7-Feliz-aniversario-ao-camarada.jpg 674w, https:\/\/www.brazilianpress.com\/v1\/wp-content\/uploads\/2021\/10\/Foto-7-Feliz-aniversario-ao-camarada-300x200.jpg 300w\" sizes=\"(max-width: 674px) 100vw, 674px\" \/><br \/>\nFeliz anivers\u00e1rio ao camara Alessandro Boneares na foto com sua esposa. Parab\u00e9ns!<\/strong><\/em><\/p>\n","protected":false},"excerpt":{"rendered":"<p>Grande Inaugura\u00e7\u00e3o SB Beauty Spa localizado no 572 Market Street em Newark, tel (973) 419-2851 e (973) 943-6354. As propriet\u00e1rias Soraia e Suellen avisam que est\u00e3o com grande promo\u00e7\u00e3o de Abertura. Parab\u00e9ns e Sucesso! A del\u00edcia e o frescor de saber desfrutar a fam\u00edlia e a vida com muito amor e bom humor, a querida Dominic Kimoto faz naturalmente na Calif\u00f3rnia. As vezes a gente abrir um sorriso bonito para alegrar o nosso dia,\u00a0 Izabel Figueiredo faz isso naturalmente e diariamente. Os parab\u00e9ns hoje vai para Stacy Emily Barsanulfo! Que venham muitos anos de vida e que seus sonhos sempre [&hellip;]<\/p>\n","protected":false},"author":1,"featured_media":49997,"comment_status":"open","ping_status":"closed","sticky":false,"template":"","format":"standard","meta":{"_links_to":"","_links_to_target":""},"categories":[3,1,6],"tags":[],"views":1476,"_links":{"self":[{"href":"https:\/\/www.brazilianpress.com\/v1\/wp-json\/wp\/v2\/posts\/49998"}],"collection":[{"href":"https:\/\/www.brazilianpress.com\/v1\/wp-json\/wp\/v2\/posts"}],"about":[{"href":"https:\/\/www.brazilianpress.com\/v1\/wp-json\/wp\/v2\/types\/post"}],"author":[{"embeddable":true,"href":"https:\/\/www.brazilianpress.com\/v1\/wp-json\/wp\/v2\/users\/1"}],"replies":[{"embeddable":true,"href":"https:\/\/www.brazilianpress.com\/v1\/wp-json\/wp\/v2\/comments?post=49998"}],"version-history":[{"count":1,"href":"https:\/\/www.brazilianpress.com\/v1\/wp-json\/wp\/v2\/posts\/49998\/revisions"}],"predecessor-version":[{"id":49999,"href":"https:\/\/www.brazilianpress.com\/v1\/wp-json\/wp\/v2\/posts\/49998\/revisions\/49999"}],"wp:featuredmedia":[{"embeddable":true,"href":"https:\/\/www.brazilianpress.com\/v1\/wp-json\/wp\/v2\/media\/49997"}],"wp:attachment":[{"href":"https:\/\/www.brazilianpress.com\/v1\/wp-json\/wp\/v2\/media?parent=49998"}],"wp:term":[{"taxonomy":"category","embeddable":true,"href":"https:\/\/www.brazilianpress.com\/v1\/wp-json\/wp\/v2\/categories?post=49998"},{"taxonomy":"post_tag","embeddable":true,"href":"https:\/\/www.brazilianpress.com\/v1\/wp-json\/wp\/v2\/tags?post=49998"}],"curies":[{"name":"wp","href":"https:\/\/api.w.org\/{rel}","templated":true}]}}