{"id":50008,"date":"2021-10-29T13:06:43","date_gmt":"2021-10-29T17:06:43","guid":{"rendered":"https:\/\/www.brazilianpress.com\/v1\/?p=50008"},"modified":"2021-10-29T13:06:43","modified_gmt":"2021-10-29T17:06:43","slug":"lea-campos-placa-preta","status":"publish","type":"post","link":"https:\/\/www.brazilianpress.com\/v1\/2021\/10\/29\/lea-campos-placa-preta\/","title":{"rendered":"L\u00e9a Campos: Placa Preta"},"content":{"rendered":"<p><strong>Os governadores gritaram aos quatro cantos que o IPVA seria gratuito, por v\u00e1rios motivos. Entretanto por n\u00e3o se tratar de uma lei federal, cada estado coloca suas restri\u00e7\u00f5es e obriga\u00e7\u00f5es. Essa promessa entra em vigor em 2022, ser\u00e1 que \u00e9 apenas para ganhar elei\u00e7\u00f5es? Os aumentos nos pre\u00e7os dos carros tem causado preocupa\u00e7\u00e3o aos motoristas e por isso o governo estadual est\u00e1 tomando medidas que segundo diz \u00e9 para ajuar os propriet\u00e1rios de carros.<\/strong><\/p>\n<p>Vamos ver como ser\u00e1 na pr\u00e1tica: &#8211; Rio Grande do Norte e Amap\u00e1: isen\u00e7\u00e3o para carros com mais de 10 anos de vida; &#8211; Amazonas, Bahia, Cear\u00e1, Distrito Federal, Esp\u00edrito Santo, Maranh\u00e3o, Par\u00e1, Para\u00edba, Piau\u00ed, Rio de Janeiro, Rond\u00f4nia, Sergipe e Tocantins: isen\u00e7\u00e3o de IPVA em 2022 para ve\u00edculos com 15 anos ou mais, ou fabrica\u00e7\u00e3o antes de 2007; &#8211; Mato Grosso: isen\u00e7\u00e3o de IPVA em 2022 para ve\u00edculos com 18 anos ou mais, ou fabrica\u00e7\u00e3o antes de 2004; &#8211; Acre, Alagoas, Mato Grosso do Sul, S\u00e3o Paulo e Paran\u00e1: isen\u00e7\u00e3o de IPVA em 2022 para ve\u00edculos com 20 anos ou mais, ou fabrica\u00e7\u00e3o antes de 2002; &#8211; Pernambuco e Santa Catarina: isen\u00e7\u00e3o de IPVA em 2022 para ve\u00edculos com 30 anos ou mais, ou fabrica\u00e7\u00e3o antes de 1992; &#8211; Minas Gerais: somente carros com placa preta s\u00e3o isentos do imposto. Ei governador Zema, somente carros oficiais de placa preta estar\u00e3o isentos? Que covardia, Minas est\u00e1 fora do pa\u00eds? &#8211; Roraima: ve\u00edculos agr\u00edcolas, motos de at\u00e9 160 cilindradas, t\u00e1xis, ve\u00edculos de pessoas com defici\u00eancia e ambul\u00e2ncias s\u00e3o isentos do imposto. Entretanto, n\u00e3o apenas a situa\u00e7\u00e3o do ve\u00edculo pode garantir o n\u00e3o pagamento do imposto. Caso o motorista consiga comprovar alguma doen\u00e7a, poder\u00e1 garantir a isen\u00e7\u00e3o de imposto, que ser\u00e1 concedida atrav\u00e9s de laudo m\u00e9dico em cl\u00ednica credenciada pelo Detran de cada estado. Existem outras formas de conseguir a gratuidade do IPVA, veja quais:<\/p>\n<p>\u2022 Amputa\u00e7\u00f5es<br \/>\n\u2022 Artrite Reumat\u00f3ide<br \/>\n\u2022 Artrodese<br \/>\n\u2022 Artrose<br \/>\n\u2022 AVC<br \/>\n\u2022 AVE (Acidente Vascular Encef\u00e1lico)<br \/>\n\u2022 Autismo<br \/>\n\u2022 Alguns tipos de c\u00e2ncer<br \/>\n\u2022 Doen\u00e7as Degenerativas<br \/>\n\u2022 Defici\u00eancia Visual<br \/>\n\u2022 Defici\u00eancia Mental<br \/>\n\u2022 Doen\u00e7as Neurol\u00f3gicas<br \/>\n\u2022 Encurtamento de membros e m\u00e1s forma\u00e7\u00f5es<br \/>\n\u2022 Esclerose M\u00faltipla<br \/>\n\u2022 Escoliose Acentuada<br \/>\n\u2022 LER (Les\u00e3o por esfor\u00e7o repetitivo)<br \/>\n\u2022 Linfomas<br \/>\n\u2022 Les\u00f5es com sequelas f\u00edsicas<br \/>\n\u2022 Manguito rotador<br \/>\n\u2022 Mastectomia (retirada de mama)<br \/>\n\u2022 Nanismo (baixa estatura)<br \/>\n\u2022 Neuropatias diab\u00e9ticas<br \/>\n\u2022 Paralisia Cerebral<br \/>\n\u2022 Paraplegia<br \/>\n\u2022 Parkinson<br \/>\n\u2022 Poliomielite<br \/>\n\u2022 Pr\u00f3teses internas e externas, exemplo: joelho, quadril, coluna, etc.<br \/>\n\u2022 Problemas na coluna<br \/>\n\u2022 Quadranctomia (Relacionada a c\u00e2ncer de mama)<br \/>\n\u2022 Renal Cr\u00f4nico com uso de (f\u00edstula)<br \/>\n\u2022 S\u00edndrome do T\u00fanel do Carpo<br \/>\n\u2022 Talidomida<br \/>\n\u2022 Tendinite Cr\u00f4nica<br \/>\n\u2022 Tetraparesia<br \/>\n\u2022 Tetraplegia<br \/>\n\u2022 Temos que reclamar do governador de Minas, afinal nem todos os mineiros s\u00e3o de Arax\u00e1 e t\u00eam mina de NIOBIO no fundo de seu quintal<\/p>\n","protected":false},"excerpt":{"rendered":"<p>Os governadores gritaram aos quatro cantos que o IPVA seria gratuito, por v\u00e1rios motivos. Entretanto por n\u00e3o se tratar de uma lei federal, cada estado coloca suas restri\u00e7\u00f5es e obriga\u00e7\u00f5es. Essa promessa entra em vigor em 2022, ser\u00e1 que \u00e9 apenas para ganhar elei\u00e7\u00f5es? Os aumentos nos pre\u00e7os dos carros tem causado preocupa\u00e7\u00e3o aos motoristas e por isso o governo estadual est\u00e1 tomando medidas que segundo diz \u00e9 para ajuar os propriet\u00e1rios de carros. Vamos ver como ser\u00e1 na pr\u00e1tica: &#8211; Rio Grande do Norte e Amap\u00e1: isen\u00e7\u00e3o para carros com mais de 10 anos de vida; &#8211; Amazonas, Bahia, [&hellip;]<\/p>\n","protected":false},"author":1,"featured_media":50009,"comment_status":"open","ping_status":"closed","sticky":false,"template":"","format":"standard","meta":{"_links_to":"","_links_to_target":""},"categories":[15,1],"tags":[],"views":1124,"_links":{"self":[{"href":"https:\/\/www.brazilianpress.com\/v1\/wp-json\/wp\/v2\/posts\/50008"}],"collection":[{"href":"https:\/\/www.brazilianpress.com\/v1\/wp-json\/wp\/v2\/posts"}],"about":[{"href":"https:\/\/www.brazilianpress.com\/v1\/wp-json\/wp\/v2\/types\/post"}],"author":[{"embeddable":true,"href":"https:\/\/www.brazilianpress.com\/v1\/wp-json\/wp\/v2\/users\/1"}],"replies":[{"embeddable":true,"href":"https:\/\/www.brazilianpress.com\/v1\/wp-json\/wp\/v2\/comments?post=50008"}],"version-history":[{"count":1,"href":"https:\/\/www.brazilianpress.com\/v1\/wp-json\/wp\/v2\/posts\/50008\/revisions"}],"predecessor-version":[{"id":50010,"href":"https:\/\/www.brazilianpress.com\/v1\/wp-json\/wp\/v2\/posts\/50008\/revisions\/50010"}],"wp:featuredmedia":[{"embeddable":true,"href":"https:\/\/www.brazilianpress.com\/v1\/wp-json\/wp\/v2\/media\/50009"}],"wp:attachment":[{"href":"https:\/\/www.brazilianpress.com\/v1\/wp-json\/wp\/v2\/media?parent=50008"}],"wp:term":[{"taxonomy":"category","embeddable":true,"href":"https:\/\/www.brazilianpress.com\/v1\/wp-json\/wp\/v2\/categories?post=50008"},{"taxonomy":"post_tag","embeddable":true,"href":"https:\/\/www.brazilianpress.com\/v1\/wp-json\/wp\/v2\/tags?post=50008"}],"curies":[{"name":"wp","href":"https:\/\/api.w.org\/{rel}","templated":true}]}}