{"id":50157,"date":"2021-11-12T13:44:26","date_gmt":"2021-11-12T17:44:26","guid":{"rendered":"https:\/\/www.brazilianpress.com\/v1\/?p=50157"},"modified":"2021-11-12T13:44:26","modified_gmt":"2021-11-12T17:44:26","slug":"michael-silva-2022","status":"publish","type":"post","link":"https:\/\/www.brazilianpress.com\/v1\/2021\/11\/12\/michael-silva-2022\/","title":{"rendered":"Michael Silva 2022"},"content":{"rendered":"<p><strong>Na ter\u00e7a-feira, 9 de novembro de 2021, se realizou o primeiro evento de angaria\u00e7\u00e3o de fundos para Michael Silva, que est\u00e1 concorrendo a vereador do Bairro Leste para substituir o atual vereador Augusto Amador na C\u00e2mara Municipal onde esta ocupando o cargo a 24 anos. O sal\u00e3o de festa no Restaurante Adega, encheu-se de adeptos e o evento foi muito al\u00e9m de ser &#8220;um sucesso&#8221;.<\/strong><\/p>\n<p>Mais de 100 pessoas entre empres\u00e1rios conhecidos e residentes locais vieram mostrar seu apoio a Michael Silva. Segundo o Vereador Amador, \u201cDesnecess\u00e1rio dizer que o n\u00edvel de excita\u00e7\u00e3o que senti na sala era contagiante. Depois da demonstra\u00e7\u00e3o de apoio na noite de ter\u00e7a-feira, e depois de perceber que Michael fez um trabalho muito bom na comunidade, n\u00e3o tenho d\u00favidas de admitir que Michael \u00e9 a melhor pessoa para me substituir. A noite de ter\u00e7a-feira foi o come\u00e7o perfeito. No entanto, o caminho \u00e9 longo e \u00e1rduo. Precisamos de todos que podem votar para apoiar Michael em Maio de 2022, para que ele me possa substituir\u201d.<\/p>\n<p><img loading=\"lazy\" class=\"alignnone size-full wp-image-50159\" src=\"https:\/\/www.brazilianpress.com\/v1\/wp-content\/uploads\/2021\/11\/michael-silva-2022-claudia-2.jpg\" alt=\"\" width=\"700\" height=\"412\" srcset=\"https:\/\/www.brazilianpress.com\/v1\/wp-content\/uploads\/2021\/11\/michael-silva-2022-claudia-2.jpg 700w, https:\/\/www.brazilianpress.com\/v1\/wp-content\/uploads\/2021\/11\/michael-silva-2022-claudia-2-300x177.jpg 300w\" sizes=\"(max-width: 700px) 100vw, 700px\" \/><\/p>\n<p>Michael Silva fez um breve pronunciamento sobre este novo caminho da sua vida: \u201cDepois de falar com minha fam\u00edlia e v\u00e1rios amigos pr\u00f3ximos, decidi me candidatar a vereador do Bairro leste na pr\u00f3xima elei\u00e7\u00e3o municipal de Newark. Como residente h\u00e1 muito nascido e criado em Ironbound, eu vi em primeira m\u00e3o os efeitos e conhe\u00e7o os problemas de nossa comunidade. Falando humildemente, acredito que conhe\u00e7o algumas das solu\u00e7\u00f5es que podem resolver esses problemas. Pensar \u00e9 certo, se todos os nossos residentes, empresas e associa\u00e7\u00f5es trabalharem em colabora\u00e7\u00e3o com os nossos funcion\u00e1rios autorizados, n\u00e3o haver\u00e1 problemas que n\u00e3o possam ser resolvidos. Eu, respeitosamente, acredito que minha experi\u00eancia relevante me torna o melhor candidato para defender os interesses de nossa comunidade!\u201d<\/p>\n<p><img loading=\"lazy\" class=\"alignnone size-full wp-image-50160\" src=\"https:\/\/www.brazilianpress.com\/v1\/wp-content\/uploads\/2021\/11\/michael-silva-2022-claudia-3.jpg\" alt=\"\" width=\"700\" height=\"444\" srcset=\"https:\/\/www.brazilianpress.com\/v1\/wp-content\/uploads\/2021\/11\/michael-silva-2022-claudia-3.jpg 700w, https:\/\/www.brazilianpress.com\/v1\/wp-content\/uploads\/2021\/11\/michael-silva-2022-claudia-3-300x190.jpg 300w\" sizes=\"(max-width: 700px) 100vw, 700px\" \/><\/p>\n","protected":false},"excerpt":{"rendered":"<p>Na ter\u00e7a-feira, 9 de novembro de 2021, se realizou o primeiro evento de angaria\u00e7\u00e3o de fundos para Michael Silva, que est\u00e1 concorrendo a vereador do Bairro Leste para substituir o atual vereador Augusto Amador na C\u00e2mara Municipal onde esta ocupando o cargo a 24 anos. O sal\u00e3o de festa no Restaurante Adega, encheu-se de adeptos e o evento foi muito al\u00e9m de ser &#8220;um sucesso&#8221;. Mais de 100 pessoas entre empres\u00e1rios conhecidos e residentes locais vieram mostrar seu apoio a Michael Silva. Segundo o Vereador Amador, \u201cDesnecess\u00e1rio dizer que o n\u00edvel de excita\u00e7\u00e3o que senti na sala era contagiante. Depois [&hellip;]<\/p>\n","protected":false},"author":1,"featured_media":50158,"comment_status":"open","ping_status":"closed","sticky":false,"template":"","format":"standard","meta":{"_links_to":"","_links_to_target":""},"categories":[4,3,1],"tags":[],"views":7834,"_links":{"self":[{"href":"https:\/\/www.brazilianpress.com\/v1\/wp-json\/wp\/v2\/posts\/50157"}],"collection":[{"href":"https:\/\/www.brazilianpress.com\/v1\/wp-json\/wp\/v2\/posts"}],"about":[{"href":"https:\/\/www.brazilianpress.com\/v1\/wp-json\/wp\/v2\/types\/post"}],"author":[{"embeddable":true,"href":"https:\/\/www.brazilianpress.com\/v1\/wp-json\/wp\/v2\/users\/1"}],"replies":[{"embeddable":true,"href":"https:\/\/www.brazilianpress.com\/v1\/wp-json\/wp\/v2\/comments?post=50157"}],"version-history":[{"count":2,"href":"https:\/\/www.brazilianpress.com\/v1\/wp-json\/wp\/v2\/posts\/50157\/revisions"}],"predecessor-version":[{"id":50162,"href":"https:\/\/www.brazilianpress.com\/v1\/wp-json\/wp\/v2\/posts\/50157\/revisions\/50162"}],"wp:featuredmedia":[{"embeddable":true,"href":"https:\/\/www.brazilianpress.com\/v1\/wp-json\/wp\/v2\/media\/50158"}],"wp:attachment":[{"href":"https:\/\/www.brazilianpress.com\/v1\/wp-json\/wp\/v2\/media?parent=50157"}],"wp:term":[{"taxonomy":"category","embeddable":true,"href":"https:\/\/www.brazilianpress.com\/v1\/wp-json\/wp\/v2\/categories?post=50157"},{"taxonomy":"post_tag","embeddable":true,"href":"https:\/\/www.brazilianpress.com\/v1\/wp-json\/wp\/v2\/tags?post=50157"}],"curies":[{"name":"wp","href":"https:\/\/api.w.org\/{rel}","templated":true}]}}