{"id":50167,"date":"2021-11-12T13:51:09","date_gmt":"2021-11-12T17:51:09","guid":{"rendered":"https:\/\/www.brazilianpress.com\/v1\/?p=50167"},"modified":"2021-11-12T13:51:09","modified_gmt":"2021-11-12T17:51:09","slug":"no-mexico-embaixador-americano-acusa-lideres-de-caravana-imigrante-de-serem-cumplices-de-criminosos","status":"publish","type":"post","link":"https:\/\/www.brazilianpress.com\/v1\/2021\/11\/12\/no-mexico-embaixador-americano-acusa-lideres-de-caravana-imigrante-de-serem-cumplices-de-criminosos\/","title":{"rendered":"No M\u00e9xico, embaixador americano acusa l\u00edderes de caravana imigrante de serem c\u00famplices de criminosos"},"content":{"rendered":"<p><strong>O embaixador dos Estados Unidos no M\u00e9xico, Ken Salazar, acusou na ter\u00e7a-feira os l\u00edderes de uma caravana de imigrantes que percorre h\u00e1 mais de duas semanas o territ\u00f3rio mexicano de fazer dinheiro para traficantes de pessoas e criminosos.<\/strong><\/p>\n<p>\u201cOs organizadores dizem que fazem algo para os direitos humanos. Na verdade, o que fazem \u00e9 dinheiro que vai para os traficantes e criminosos\u201d, afirmou o diplomata em entrevista coletiva. Estados Unidos e M\u00e9xico &#8220;ir\u00e3o trabalhar juntos para que isso n\u00e3o aconte\u00e7a&#8221;, acrescentou Salazar, um dia depois que seu pa\u00eds reabriu as fronteiras com o M\u00e9xico e o Canad\u00e1 para cidad\u00e3os vacinados contra a Covid-19.<\/p>\n<p>A caravana re\u00fane mais de mil pessoas que partiram em 23 de outubro de Chiapas e \u00e9 liderada pelos ativistas mexicanos Irineo Mujica e Luis Garc\u00eda Villagr\u00e1n. Em v\u00eddeo divulgado nas redes sociais, Mujica diz que organiza outra caravana maior, que partir\u00e1 no dia 18 para Sonora, na fronteira norte do M\u00e9xico.<\/p>\n<p>Autoridades mexicanas acusam Mujica e Garc\u00eda de terem recusado ofertas de atendimento m\u00e9dico e apoio em tr\u00e2mites migrat\u00f3rios para as gestantes e crian\u00e7as que participam da marcha. Os ativistas recusam as ofertas porque significam retornar a Tapachula, na fronteira com a Guatemala, por onde entram milhares de imigrantes e que \u00e9 vista como &#8220;uma pris\u00e3o&#8221;, uma vez que as op\u00e7\u00f5es de realizar tr\u00e2mites e conseguir emprego ou moradia s\u00e3o escassas.<\/p>\n<p>Em seu trajeto, a caravana entrou em confrontos com as for\u00e7as de seguran\u00e7a, que deixaram imigrantes feridos e dezenas de detidos.<\/p>\n<p>Milhares de imigrantes, principalmente centro-americanos e haitianos, fogem da viol\u00eancia e da pobreza em seus pa\u00edses e tentam chegar aos Estados Unidos, um fluxo que acelerou em 2021. Segundo dados oficiais, 1,3 milh\u00e3o foram detidos na fronteira sul dos Estados Unidos desde a chegada do presidente Joe Biden \u00e0 Casa Branca em janeiro, um n\u00famero que n\u00e3o era registrado h\u00e1 duas d\u00e9cadas.<\/p>\n","protected":false},"excerpt":{"rendered":"<p>O embaixador dos Estados Unidos no M\u00e9xico, Ken Salazar, acusou na ter\u00e7a-feira os l\u00edderes de uma caravana de imigrantes que percorre h\u00e1 mais de duas semanas o territ\u00f3rio mexicano de fazer dinheiro para traficantes de pessoas e criminosos. \u201cOs organizadores dizem que fazem algo para os direitos humanos. Na verdade, o que fazem \u00e9 dinheiro que vai para os traficantes e criminosos\u201d, afirmou o diplomata em entrevista coletiva. Estados Unidos e M\u00e9xico &#8220;ir\u00e3o trabalhar juntos para que isso n\u00e3o aconte\u00e7a&#8221;, acrescentou Salazar, um dia depois que seu pa\u00eds reabriu as fronteiras com o M\u00e9xico e o Canad\u00e1 para cidad\u00e3os vacinados [&hellip;]<\/p>\n","protected":false},"author":1,"featured_media":50168,"comment_status":"open","ping_status":"closed","sticky":false,"template":"","format":"standard","meta":{"_links_to":"","_links_to_target":""},"categories":[3,8,1],"tags":[],"views":1226,"_links":{"self":[{"href":"https:\/\/www.brazilianpress.com\/v1\/wp-json\/wp\/v2\/posts\/50167"}],"collection":[{"href":"https:\/\/www.brazilianpress.com\/v1\/wp-json\/wp\/v2\/posts"}],"about":[{"href":"https:\/\/www.brazilianpress.com\/v1\/wp-json\/wp\/v2\/types\/post"}],"author":[{"embeddable":true,"href":"https:\/\/www.brazilianpress.com\/v1\/wp-json\/wp\/v2\/users\/1"}],"replies":[{"embeddable":true,"href":"https:\/\/www.brazilianpress.com\/v1\/wp-json\/wp\/v2\/comments?post=50167"}],"version-history":[{"count":1,"href":"https:\/\/www.brazilianpress.com\/v1\/wp-json\/wp\/v2\/posts\/50167\/revisions"}],"predecessor-version":[{"id":50169,"href":"https:\/\/www.brazilianpress.com\/v1\/wp-json\/wp\/v2\/posts\/50167\/revisions\/50169"}],"wp:featuredmedia":[{"embeddable":true,"href":"https:\/\/www.brazilianpress.com\/v1\/wp-json\/wp\/v2\/media\/50168"}],"wp:attachment":[{"href":"https:\/\/www.brazilianpress.com\/v1\/wp-json\/wp\/v2\/media?parent=50167"}],"wp:term":[{"taxonomy":"category","embeddable":true,"href":"https:\/\/www.brazilianpress.com\/v1\/wp-json\/wp\/v2\/categories?post=50167"},{"taxonomy":"post_tag","embeddable":true,"href":"https:\/\/www.brazilianpress.com\/v1\/wp-json\/wp\/v2\/tags?post=50167"}],"curies":[{"name":"wp","href":"https:\/\/api.w.org\/{rel}","templated":true}]}}