{"id":50177,"date":"2021-11-13T10:54:32","date_gmt":"2021-11-13T14:54:32","guid":{"rendered":"https:\/\/www.brazilianpress.com\/v1\/?p=50177"},"modified":"2021-11-13T10:54:32","modified_gmt":"2021-11-13T14:54:32","slug":"rafael-sobis-revela-que-decidiu-se-aposentar-chegando-ao-mineirao-e-que-nem-familia-sabia-da-decisao","status":"publish","type":"post","link":"https:\/\/www.brazilianpress.com\/v1\/2021\/11\/13\/rafael-sobis-revela-que-decidiu-se-aposentar-chegando-ao-mineirao-e-que-nem-familia-sabia-da-decisao\/","title":{"rendered":"Rafael Sobis revela que decidiu se aposentar chegando ao Mineir\u00e3o e que nem fam\u00edlia sabia da decis\u00e3o"},"content":{"rendered":"<p><strong>O atacante Rafael Sobis revelou as circunst\u00e2ncias para a aposentadoria do futebol. Segundo ele, a decis\u00e3o foi tomada chegando ao Mineir\u00e3o, nessa quarta-feira, para o jogo contra o Brusque. Nem os familiares sabiam do an\u00fancio.<\/strong><\/p>\n<p>&#8211; Ontem chegando no est\u00e1dio tive a sensa\u00e7\u00e3o que seria meu \u00faltimo jogo, n\u00e3o avisei o clube, n\u00e3o avisei familiares, apenas dois ou tr\u00eas companheiros pr\u00f3ximos de mim naquele momento. N\u00e3o sei explicar, apenas senti. O est\u00e1dio lotado, e os 3 pontos garantindo a perman\u00eancia, me deram a certeza que era a hora. E assim o fiz. Para surpresa de muita gente. Muito obrigado ao Clube, companheiros e torcida por me abra\u00e7arem na minha decis\u00e3o \ud83d\udc99 &#8211; escreveu o jogador.<\/p>\n<p>At\u00e9 por causa dessa decis\u00e3o de surpresa, o Cruzeiro criou uma campanha nas redes sociais para pedir que Rafael Sobis jogue mais uma partida com a camisa da Raposa.\u00a0\u00c9 a campanha #S\u00f3MaisUmaS\u00f3bis<\/p>\n<p>&#8211; Com surpresa veio o an\u00fancio da aposentadoria do Sobis. A gente acha que ficou faltando uma despedida, um canto s\u00f3 pra ele, vestindo nosso manto ao menos uma \u00faltima vez. Que tal voc\u00eas ajudarem a gente a convencer o Rafael Sobis? Pe\u00e7am pra ele explicando pq. &#8211; foi a mensagem da campanha do Cruzeiro.<\/p>\n<p>O atacante tem 176 jogos pelo Cruzeiro, sendo 41 nesta temporada, marcando 37 gols. Tem contrato at\u00e9 o fim do ano. Sobis retornou ao Cruzeiro na temporada passada com a miss\u00e3o de ajudar o clube a se livrar do risco de rebaixamento para a S\u00e9rie C e alcan\u00e7ar o acesso. Conseguiu.<\/p>\n<p>Em 2021, permaneceu e teve papel fundamental na equipe, principalmente no extracampo. Ao longo da temporada, o jogador acabou perdendo espa\u00e7o.<\/p>\n<p>Essa foi a segunda passagem de Sobis pelo Cruzeiro. A primeira, foi de 2016 a 2018, quando o jogador conquistou duas Copas do Brasil (2017 e 2018) e Campeonato Mineiro 2018 pelo clube.<\/p>\n<p>Al\u00e9m de Cruzeiro, Sobis tem passagens vitoriosas por outros clubes. Pelo Internacional, clube que o revelou, conquistou duas Copa Libertadores (2006 e 2010) e tr\u00eas Campeonatos Ga\u00fachos (2004, 2005 e 2011). No Fluminense, conquistou o Campeonato Brasileiro (2012) e o Campeonato Carioca (2012). No Tigres, levou o Campeonato Mexicano &#8211; Apertura (2015). Com o Cear\u00e1, levantou a Copa do Nordeste (2020).<\/p>\n<p>&nbsp;<\/p>\n","protected":false},"excerpt":{"rendered":"<p>O atacante Rafael Sobis revelou as circunst\u00e2ncias para a aposentadoria do futebol. Segundo ele, a decis\u00e3o foi tomada chegando ao Mineir\u00e3o, nessa quarta-feira, para o jogo contra o Brusque. Nem os familiares sabiam do an\u00fancio. &#8211; Ontem chegando no est\u00e1dio tive a sensa\u00e7\u00e3o que seria meu \u00faltimo jogo, n\u00e3o avisei o clube, n\u00e3o avisei familiares, apenas dois ou tr\u00eas companheiros pr\u00f3ximos de mim naquele momento. N\u00e3o sei explicar, apenas senti. O est\u00e1dio lotado, e os 3 pontos garantindo a perman\u00eancia, me deram a certeza que era a hora. E assim o fiz. Para surpresa de muita gente. Muito obrigado ao [&hellip;]<\/p>\n","protected":false},"author":1,"featured_media":50178,"comment_status":"open","ping_status":"closed","sticky":false,"template":"","format":"standard","meta":{"_links_to":"","_links_to_target":""},"categories":[9,1],"tags":[],"views":1057,"_links":{"self":[{"href":"https:\/\/www.brazilianpress.com\/v1\/wp-json\/wp\/v2\/posts\/50177"}],"collection":[{"href":"https:\/\/www.brazilianpress.com\/v1\/wp-json\/wp\/v2\/posts"}],"about":[{"href":"https:\/\/www.brazilianpress.com\/v1\/wp-json\/wp\/v2\/types\/post"}],"author":[{"embeddable":true,"href":"https:\/\/www.brazilianpress.com\/v1\/wp-json\/wp\/v2\/users\/1"}],"replies":[{"embeddable":true,"href":"https:\/\/www.brazilianpress.com\/v1\/wp-json\/wp\/v2\/comments?post=50177"}],"version-history":[{"count":1,"href":"https:\/\/www.brazilianpress.com\/v1\/wp-json\/wp\/v2\/posts\/50177\/revisions"}],"predecessor-version":[{"id":50179,"href":"https:\/\/www.brazilianpress.com\/v1\/wp-json\/wp\/v2\/posts\/50177\/revisions\/50179"}],"wp:featuredmedia":[{"embeddable":true,"href":"https:\/\/www.brazilianpress.com\/v1\/wp-json\/wp\/v2\/media\/50178"}],"wp:attachment":[{"href":"https:\/\/www.brazilianpress.com\/v1\/wp-json\/wp\/v2\/media?parent=50177"}],"wp:term":[{"taxonomy":"category","embeddable":true,"href":"https:\/\/www.brazilianpress.com\/v1\/wp-json\/wp\/v2\/categories?post=50177"},{"taxonomy":"post_tag","embeddable":true,"href":"https:\/\/www.brazilianpress.com\/v1\/wp-json\/wp\/v2\/tags?post=50177"}],"curies":[{"name":"wp","href":"https:\/\/api.w.org\/{rel}","templated":true}]}}