{"id":50191,"date":"2021-11-15T10:19:21","date_gmt":"2021-11-15T14:19:21","guid":{"rendered":"https:\/\/www.brazilianpress.com\/v1\/?p=50191"},"modified":"2021-11-15T10:19:21","modified_gmt":"2021-11-15T14:19:21","slug":"embaixador-brasileiro-nos-eua-queixa-se-ao-ny-times-de-texto-sobre-bolsonaro-trump","status":"publish","type":"post","link":"https:\/\/www.brazilianpress.com\/v1\/2021\/11\/15\/embaixador-brasileiro-nos-eua-queixa-se-ao-ny-times-de-texto-sobre-bolsonaro-trump\/","title":{"rendered":"Embaixador brasileiro nos EUA queixa-se ao NY Times de texto sobre Bolsonaro-Trump"},"content":{"rendered":"<p><strong>O embaixador do Brasil em Washington, Nestor Forster, queixou-se ao jornal The New York Times sobre o teor da reportagem \u201cThe Bolsonaro-Trump connection threatening Brazil\u2019s elections\u201d (A conex\u00e3o Bolsonaro\u2013Trump amea\u00e7a as elei\u00e7\u00f5es do Brasil, em tradu\u00e7\u00e3o livre). O texto (link para assinantes) foi publicado na edi\u00e7\u00e3o de 6\u00aa feira (12.nov.2021).<\/strong><\/p>\n<p>Forster afirma que o conte\u00fado da reportagem \u201creedita a narrativa constru\u00edda para desacreditar as institui\u00e7\u00f5es brasileiras, que o jornal, em postura preconceituosa, julga serem \u2018vulner\u00e1veis&#8217;\u201d. Sua carta foi endere\u00e7ada ao editor-executivo do Times, Dean Baquet, com data de s\u00e1bado (13.nov). Leia a \u00edntegra aqui. O embaixador foi efetivado no cargo pelo presidente Bolsonaro e faz parte de c\u00edrculo pr\u00f3ximo a Olavo de Carvalho, mentor da ala ideol\u00f3gica do governo. \u00c9 reconhecido no Itamaraty por sua compet\u00eancia e tamb\u00e9m como a pessoa que apresentou o ex-chanceler Ernesto Ara\u00fajo a Carvalho.<\/p>\n<p><img src=\"https:\/\/static.poder360.com.br\/2020\/12\/JairBolsonaro-PauloGuedes-ErnestoRodrigues-RobertOBrien-Itamaraty-Acordo-Brasil-EUA-139-scaled-1.jpg\" alt=\"Itamaraty nega que Bolsonaro foi orientado a n\u00e3o reconhecer vit\u00f3ria de  Biden | Poder360\" \/><\/p>\n<p>A reportagem do jornalista Jack Nicas, escrita em Bras\u00edlia, informa que o ex-presidente dos Estados Unidos e seus aliados est\u00e3o apoiando a reelei\u00e7\u00e3o de Bolsonaro em 2022 e ajudando a disseminar d\u00favidas sobre o processo eleitoral do pa\u00eds, em caso de derrota do presidente. \u201cEles est\u00e3o rotulando seus rivais pol\u00edticos de criminosos e comunistas, construindo novas redes sociais que possam contornar as regras aplicadas no Vale do Sil\u00edcio contra a desinforma\u00e7\u00e3o e amplificando suas alega\u00e7\u00f5es de que as elei\u00e7\u00f5es no Brasil ser\u00e3o fraudadas\u201d, diz o texto do New York Times.<\/p>\n<p>A reportagem menciona que 2 redes sociais conservadoras e aliadas a Trump \u2013Gettr e Parler\u2013 est\u00e3o crescendo rapidamente no Brasil. Ambas conseguiram persuadir Bolsonaro a inscrever-se, o que o tornou o \u00fanico l\u00edder a postar mensagens nesses meios. O texto tamb\u00e9m se refere ao financiamento do deputado Luiz Philippe de Orl\u00e9ans e Bragan\u00e7a (PSL-SP) \u00e0 rede social que Trump almeja lan\u00e7ar. Faz ainda men\u00e7\u00e3o a ganhos de empresas norte-americanas no Brasil gra\u00e7as \u00e0 aproxima\u00e7\u00e3o pol\u00edtico-ideol\u00f3gica entre Bolsonaro, o deputado Eduardo Bolsonaro (PFL-SP) e Trump.<\/p>\n<p><img src=\"https:\/\/files.nsctotal.com.br\/s3fs-public\/styles\/paragraph_image_style\/public\/graphql-upload-files\/forster_0.jpeg.jpg?7Z5KPRiRrtxIx3O2HQWoPUq6NonXZwb0&amp;itok=tM5trHMV\" alt=\"Ap\u00f3s viagem com Bolsonaro, senador e indicado \u00e0 embaixada nos EUA est\u00e3o com  coronav\u00edrus | NSC Total\" \/><\/p>\n<p>No Brasil a reportagem se mostra tardia. O presidente parou de atacar o sistema eleitoral eletr\u00f4nico quando, \u00e0 beira de uma crise institucional, foi acertada uma tr\u00e9gua com o TSE (Tribunal Superior Eleitoral) e o STF (Supremo Tribunal Federal). A alian\u00e7a entre Trump e Bolsonaro, entretanto, permanece ilesa. O texto do New York Times menciona ainda o encontro da Cpac Brasil, capitaneado por Eduardo Bolsonaro em setembro em Bras\u00edlia. A Cpac \u00e9 uma confer\u00eancia da extrema-direita organizada a partir dos EUA e visceralmente atrelada ao \u201ctrumpismo\u201d. Forster se vale dos fatos de Bolsonaro ter sido deputado federal por quase 3 d\u00e9cadas e eleito com 55% dos votos v\u00e1lidos em 2018 como argumentos. Defende que o governo \u201c\u00e9 marcado pelo respeito aos valores cardinais do Estado de Direito e da separa\u00e7\u00e3o dos poderes consagrados na Constitui\u00e7\u00e3o Federal\u201d. \u201cO Brasil \u00e9 uma democracia vibrante com papel construtivo na regi\u00e3o e no mundo, e \u00e9 lament\u00e1vel ver o New York Times impondo a seus leitores uma leitura partid\u00e1ria de fatos e eventos no meu pa\u00eds\u201d, completa o embaixador.<\/p>\n<p>Esta \u00e9 a 2\u00aa vez que Forster escreve carta ao di\u00e1rio norte-americano para contestar textos sobre o governo de Jair Bolsonaro. Em junho de 2020, quando era encarregado de neg\u00f3cios na embaixada do Brasil em Washington, ele queixou-se da reportagem \u201cAmea\u00e7a de a\u00e7\u00e3o militar abala Brasil em meio a aumento de mortes de covid19\u201d. O texto reverberava o impasse fomentado pela decis\u00e3o do ent\u00e3o ministro do STF Celso de Mello ter pedido \u00e0 PGR (Procuradoria Geral da Rep\u00fablica) a apreens\u00e3o do celular de Bolsonaro. Tamb\u00e9m se referia ao aumento de cont\u00e1gios de covid, a riscos \u00e0 elei\u00e7\u00e3o de 2020 disseminados por aliados do governo e as investiga\u00e7\u00f5es abertas contra filhos do presidente. \/\/ Fonte: Poder360<\/p>\n","protected":false},"excerpt":{"rendered":"<p>O embaixador do Brasil em Washington, Nestor Forster, queixou-se ao jornal The New York Times sobre o teor da reportagem \u201cThe Bolsonaro-Trump connection threatening Brazil\u2019s elections\u201d (A conex\u00e3o Bolsonaro\u2013Trump amea\u00e7a as elei\u00e7\u00f5es do Brasil, em tradu\u00e7\u00e3o livre). O texto (link para assinantes) foi publicado na edi\u00e7\u00e3o de 6\u00aa feira (12.nov.2021). Forster afirma que o conte\u00fado da reportagem \u201creedita a narrativa constru\u00edda para desacreditar as institui\u00e7\u00f5es brasileiras, que o jornal, em postura preconceituosa, julga serem \u2018vulner\u00e1veis&#8217;\u201d. Sua carta foi endere\u00e7ada ao editor-executivo do Times, Dean Baquet, com data de s\u00e1bado (13.nov). Leia a \u00edntegra aqui. O embaixador foi efetivado no cargo [&hellip;]<\/p>\n","protected":false},"author":1,"featured_media":45599,"comment_status":"open","ping_status":"closed","sticky":false,"template":"","format":"standard","meta":{"_links_to":"","_links_to_target":""},"categories":[3,1,10],"tags":[],"views":1036,"_links":{"self":[{"href":"https:\/\/www.brazilianpress.com\/v1\/wp-json\/wp\/v2\/posts\/50191"}],"collection":[{"href":"https:\/\/www.brazilianpress.com\/v1\/wp-json\/wp\/v2\/posts"}],"about":[{"href":"https:\/\/www.brazilianpress.com\/v1\/wp-json\/wp\/v2\/types\/post"}],"author":[{"embeddable":true,"href":"https:\/\/www.brazilianpress.com\/v1\/wp-json\/wp\/v2\/users\/1"}],"replies":[{"embeddable":true,"href":"https:\/\/www.brazilianpress.com\/v1\/wp-json\/wp\/v2\/comments?post=50191"}],"version-history":[{"count":1,"href":"https:\/\/www.brazilianpress.com\/v1\/wp-json\/wp\/v2\/posts\/50191\/revisions"}],"predecessor-version":[{"id":50192,"href":"https:\/\/www.brazilianpress.com\/v1\/wp-json\/wp\/v2\/posts\/50191\/revisions\/50192"}],"wp:featuredmedia":[{"embeddable":true,"href":"https:\/\/www.brazilianpress.com\/v1\/wp-json\/wp\/v2\/media\/45599"}],"wp:attachment":[{"href":"https:\/\/www.brazilianpress.com\/v1\/wp-json\/wp\/v2\/media?parent=50191"}],"wp:term":[{"taxonomy":"category","embeddable":true,"href":"https:\/\/www.brazilianpress.com\/v1\/wp-json\/wp\/v2\/categories?post=50191"},{"taxonomy":"post_tag","embeddable":true,"href":"https:\/\/www.brazilianpress.com\/v1\/wp-json\/wp\/v2\/tags?post=50191"}],"curies":[{"name":"wp","href":"https:\/\/api.w.org\/{rel}","templated":true}]}}