{"id":50195,"date":"2021-11-16T15:08:38","date_gmt":"2021-11-16T19:08:38","guid":{"rendered":"https:\/\/www.brazilianpress.com\/v1\/?p=50195"},"modified":"2021-11-16T15:08:38","modified_gmt":"2021-11-16T19:08:38","slug":"governo-do-brasil-e-spacex-starlink-firmarao-parceria-para-monitorar-e-conectar-a-amazonia","status":"publish","type":"post","link":"https:\/\/www.brazilianpress.com\/v1\/2021\/11\/16\/governo-do-brasil-e-spacex-starlink-firmarao-parceria-para-monitorar-e-conectar-a-amazonia\/","title":{"rendered":"Governo do Brasil e SpaceX\/Starlink firmar\u00e3o parceria para monitorar e conectar a Amaz\u00f4nia"},"content":{"rendered":"<p><strong>O ministro das Comunica\u00e7\u00f5es, F\u00e1bio Faria, se encontrou nesta segunda-feira (15) com o fundador da SpaceX, Tesla e Starlink, Elon Musk. Pelas redes sociais, o ministro disse que em breve Musk estar\u00e1 no Brasil \u201cpara conectarmos as escolas rurais e protegermos a Amaz\u00f4nia utilizando a tecnologia da SpaceX\/Starlink\u201d. O encontro ocorreu em Austin, nos Estados Unidos.<\/strong><\/p>\n<p>Conforme o Minist\u00e9rio das Comunica\u00e7\u00f5es, entre os assuntos abordados est\u00e3o o uso da tecnologia para preserva\u00e7\u00e3o da Floresta Amaz\u00f4nica, para monitoramento de desmatamentos e inc\u00eandios ilegais. O ministro disse que os cerca de 4.500 sat\u00e9lites que orbitam em baixa altitude, das empresas de Elon Musk, podem colaborar nesse monitoramento, que poder\u00e1 aliar a tecnologia das empresas de Musk com o programa Wi-Fi Brasil do Minist\u00e9rio das Comunica\u00e7\u00f5es. * Com informa\u00e7\u00f5es do Minist\u00e9rio das Comunica\u00e7\u00f5es<\/p>\n","protected":false},"excerpt":{"rendered":"<p>O ministro das Comunica\u00e7\u00f5es, F\u00e1bio Faria, se encontrou nesta segunda-feira (15) com o fundador da SpaceX, Tesla e Starlink, Elon Musk. Pelas redes sociais, o ministro disse que em breve Musk estar\u00e1 no Brasil \u201cpara conectarmos as escolas rurais e protegermos a Amaz\u00f4nia utilizando a tecnologia da SpaceX\/Starlink\u201d. O encontro ocorreu em Austin, nos Estados Unidos. Conforme o Minist\u00e9rio das Comunica\u00e7\u00f5es, entre os assuntos abordados est\u00e3o o uso da tecnologia para preserva\u00e7\u00e3o da Floresta Amaz\u00f4nica, para monitoramento de desmatamentos e inc\u00eandios ilegais. O ministro disse que os cerca de 4.500 sat\u00e9lites que orbitam em baixa altitude, das empresas de Elon [&hellip;]<\/p>\n","protected":false},"author":1,"featured_media":50196,"comment_status":"open","ping_status":"closed","sticky":false,"template":"","format":"standard","meta":{"_links_to":"","_links_to_target":""},"categories":[7,3,1],"tags":[],"views":1077,"_links":{"self":[{"href":"https:\/\/www.brazilianpress.com\/v1\/wp-json\/wp\/v2\/posts\/50195"}],"collection":[{"href":"https:\/\/www.brazilianpress.com\/v1\/wp-json\/wp\/v2\/posts"}],"about":[{"href":"https:\/\/www.brazilianpress.com\/v1\/wp-json\/wp\/v2\/types\/post"}],"author":[{"embeddable":true,"href":"https:\/\/www.brazilianpress.com\/v1\/wp-json\/wp\/v2\/users\/1"}],"replies":[{"embeddable":true,"href":"https:\/\/www.brazilianpress.com\/v1\/wp-json\/wp\/v2\/comments?post=50195"}],"version-history":[{"count":1,"href":"https:\/\/www.brazilianpress.com\/v1\/wp-json\/wp\/v2\/posts\/50195\/revisions"}],"predecessor-version":[{"id":50197,"href":"https:\/\/www.brazilianpress.com\/v1\/wp-json\/wp\/v2\/posts\/50195\/revisions\/50197"}],"wp:featuredmedia":[{"embeddable":true,"href":"https:\/\/www.brazilianpress.com\/v1\/wp-json\/wp\/v2\/media\/50196"}],"wp:attachment":[{"href":"https:\/\/www.brazilianpress.com\/v1\/wp-json\/wp\/v2\/media?parent=50195"}],"wp:term":[{"taxonomy":"category","embeddable":true,"href":"https:\/\/www.brazilianpress.com\/v1\/wp-json\/wp\/v2\/categories?post=50195"},{"taxonomy":"post_tag","embeddable":true,"href":"https:\/\/www.brazilianpress.com\/v1\/wp-json\/wp\/v2\/tags?post=50195"}],"curies":[{"name":"wp","href":"https:\/\/api.w.org\/{rel}","templated":true}]}}