{"id":50294,"date":"2021-11-29T13:05:21","date_gmt":"2021-11-29T17:05:21","guid":{"rendered":"https:\/\/www.brazilianpress.com\/v1\/?p=50294"},"modified":"2021-11-29T13:06:08","modified_gmt":"2021-11-29T17:06:08","slug":"east-side-high-school-homenageia-vereador-augusto-amador","status":"publish","type":"post","link":"https:\/\/www.brazilianpress.com\/v1\/2021\/11\/29\/east-side-high-school-homenageia-vereador-augusto-amador\/","title":{"rendered":"East Side High School homenageia vereador Augusto Amador"},"content":{"rendered":"<p><strong>A escola East Side High School, localizado na cidade de Newark, Ironbound, inaugurou quarta-feira, 17, no seu novo \u2018Media Center\u2019, e uma est\u00e1tua dedicada ao vereador Augusto Amador, do Bairro Leste. A pe\u00e7a em bronze da figura pol\u00edtica \u00e9 assinada pelo escultor Camilo Satiro.<\/strong><\/p>\n<p>Ao dirigir-se aos presentes, o director da escola , M\u00e1rio Santos, sublinhou a colabora\u00e7\u00e3o de longa data entre o vereador (que, ali\u00e1s, iniciou carreira pol\u00edtica como membro do Comit\u00e9 Escolar de Newark) e o East Side e toda a din\u00e2mica do ensino.<\/p>\n<p><img src=\"https:\/\/i.imgur.com\/16OWWmf.jpg\" \/><\/p>\n<p>Natural da Murtosa, Augusto Amador garantiu j\u00e1 um lugar na hist\u00f3ria, sendo o primeiro portugu\u00eas eleito vereador em Newark por for\u00e7a do voto popular.<\/p>\n<p>Emocionado pela homenagem o vereador Augusto Amador declarou :<\/p>\n<p>\u201cO valor de uma comunidade \u00e9 o resultado do valor de suas institui\u00e7\u00f5es\u201d. O East Side High School sempre foi para mim o centro desta comunidade. Sempre acreditei que tudo o que aconteceu com esta comunidade teve a ver com o que aconteceu com East Side HS. Assim, sob a lideran\u00e7a do Dr. Santos e com o trabalho dos que o rodeiam, transformamos aquela escola de um local de afastamento de todos para uma escola com uma longa lista de espera. O princ\u00edpio que me norteou nos \u00faltimos 24 anos em que estou envolvido na pol\u00edtica \u00e9 que tudo o que fazemos tem a ver com vidas. A cerim\u00f4nia de hoje foi um exemplo perfeito. Meu apoio para que a mudan\u00e7a ocorrida no Centro de M\u00eddia da escola tenha a ver, principalmente, com a vida dos jovens que freq\u00fcentam aquela escola e n\u00e3o com a pr\u00f3pria sala ou mesmo com a est\u00e1tua. O qu\u00e3o bem eles vivem suas vidas no futuro \u00e9 o que me motivou a contribuir para a renova\u00e7\u00e3o do Media Center. Como algu\u00e9m que serviu esta comunidade nos \u00faltimos 24 anos, estou muito feliz por ser homenageado pelo East Side HS. E, como eu disse antes<\/p>\n<p><img src=\"https:\/\/i.imgur.com\/BuyIHgs.jpg\" \/><\/p>\n<p>A cerim\u00f3nia iniciou com o hino americano apresentado por Nicole Ferreira, registando-se a presen\u00e7a de uma pequena guarda de honra do ex\u00e9rcito; Pedro Botas interpretou alguns n\u00fameros de fado e Tiago Afonso, no final, um n\u00famero \u00e0 concertina.<\/p>\n<p>Um numeroso grupo de alunos de portugu\u00eas da escola, \u2018Os Acad\u00e9micos\u2019, marcaram presen\u00e7a, com dois deles a declamarem versos dedicados ao homenageado. Duas professoras de portugu\u00eas do East Side &#8211; L\u00facia Antunes e Carla Nunes &#8211; fizeram a apresenta\u00e7\u00e3o do programa.<\/p>\n<p>Entre as entidades que fizeram interven\u00e7\u00f5es, sublinhe-se o c\u00f4nsul-geral de Portugal em Newark, Pedro Monteiro, o coordenador-adjunto do ensino Jos\u00e9 Carlos Ad\u00e3o, Roger Le\u00f3n, superintendente do Sistema de Escolas P\u00fablicas de Newark e Seth Grossman, director-excutivo do IBID.<\/p>\n<p>A est\u00e1tua foi desenhada e executada pelo artista &#8211; escultor Camilo Satiro e oferecida ao East Side High School (ESHS) pelo Ironbound Business Improvement District (IBDI).<\/p>\n<p><img src=\"https:\/\/i.imgur.com\/O15kYBz.jpg\" \/><\/p>\n<p>&nbsp;<\/p>\n","protected":false},"excerpt":{"rendered":"<p>A escola East Side High School, localizado na cidade de Newark, Ironbound, inaugurou quarta-feira, 17, no seu novo \u2018Media Center\u2019, e uma est\u00e1tua dedicada ao vereador Augusto Amador, do Bairro Leste. A pe\u00e7a em bronze da figura pol\u00edtica \u00e9 assinada pelo escultor Camilo Satiro. Ao dirigir-se aos presentes, o director da escola , M\u00e1rio Santos, sublinhou a colabora\u00e7\u00e3o de longa data entre o vereador (que, ali\u00e1s, iniciou carreira pol\u00edtica como membro do Comit\u00e9 Escolar de Newark) e o East Side e toda a din\u00e2mica do ensino. Natural da Murtosa, Augusto Amador garantiu j\u00e1 um lugar na hist\u00f3ria, sendo o primeiro [&hellip;]<\/p>\n","protected":false},"author":1,"featured_media":50295,"comment_status":"open","ping_status":"closed","sticky":false,"template":"","format":"standard","meta":{"_links_to":"","_links_to_target":""},"categories":[4,3,1],"tags":[],"views":911,"_links":{"self":[{"href":"https:\/\/www.brazilianpress.com\/v1\/wp-json\/wp\/v2\/posts\/50294"}],"collection":[{"href":"https:\/\/www.brazilianpress.com\/v1\/wp-json\/wp\/v2\/posts"}],"about":[{"href":"https:\/\/www.brazilianpress.com\/v1\/wp-json\/wp\/v2\/types\/post"}],"author":[{"embeddable":true,"href":"https:\/\/www.brazilianpress.com\/v1\/wp-json\/wp\/v2\/users\/1"}],"replies":[{"embeddable":true,"href":"https:\/\/www.brazilianpress.com\/v1\/wp-json\/wp\/v2\/comments?post=50294"}],"version-history":[{"count":2,"href":"https:\/\/www.brazilianpress.com\/v1\/wp-json\/wp\/v2\/posts\/50294\/revisions"}],"predecessor-version":[{"id":50297,"href":"https:\/\/www.brazilianpress.com\/v1\/wp-json\/wp\/v2\/posts\/50294\/revisions\/50297"}],"wp:featuredmedia":[{"embeddable":true,"href":"https:\/\/www.brazilianpress.com\/v1\/wp-json\/wp\/v2\/media\/50295"}],"wp:attachment":[{"href":"https:\/\/www.brazilianpress.com\/v1\/wp-json\/wp\/v2\/media?parent=50294"}],"wp:term":[{"taxonomy":"category","embeddable":true,"href":"https:\/\/www.brazilianpress.com\/v1\/wp-json\/wp\/v2\/categories?post=50294"},{"taxonomy":"post_tag","embeddable":true,"href":"https:\/\/www.brazilianpress.com\/v1\/wp-json\/wp\/v2\/tags?post=50294"}],"curies":[{"name":"wp","href":"https:\/\/api.w.org\/{rel}","templated":true}]}}