{"id":50311,"date":"2021-11-29T13:18:37","date_gmt":"2021-11-29T17:18:37","guid":{"rendered":"https:\/\/www.brazilianpress.com\/v1\/?p=50311"},"modified":"2021-11-29T13:18:37","modified_gmt":"2021-11-29T17:18:37","slug":"investigacao-de-suspeitos-por-balear-brasileiro-em-chicago-fica-parada-porque-detetive-sai-de-ferias","status":"publish","type":"post","link":"https:\/\/www.brazilianpress.com\/v1\/2021\/11\/29\/investigacao-de-suspeitos-por-balear-brasileiro-em-chicago-fica-parada-porque-detetive-sai-de-ferias\/","title":{"rendered":"Investiga\u00e7\u00e3o de suspeitos por balear brasileiro em Chicago fica parada porque detetive sai de f\u00e9rias"},"content":{"rendered":"<p><strong>Quase tr\u00eas meses ap\u00f3s o estudante de rob\u00f3tica Jo\u00e3o Pedro Marchezani, de 23 anos, ser baleado na cabe\u00e7a em Chicago, nos Estados Unidos, a pol\u00edcia americana diz que n\u00e3o identificou os suspeitos, e a investiga\u00e7\u00e3o est\u00e1 estagnada. Em e-mail enviado \u00e0 fam\u00edlia do brasileiro, ao qual o GLOBO teve acesso, o detetive respons\u00e1vel pelo caso comunica que entrou de f\u00e9rias e retorna apenas no dia 15 de dezembro.<\/strong><\/p>\n<p>A fam\u00edlia foi informada recentemente que os agentes j\u00e1 haviam identificado os suspeitos que apareciam em imagens de c\u00e2meras de seguran\u00e7a pr\u00f3ximas ao local do crime, mas precisavam de algu\u00e9m para confirmar. As autoridades j\u00e1 teriam inclusive pistas sobre onde mora o criminoso que atirou oito vezes contra o carro em que estava o brasileiro. Em troca de e-mails, no entanto, o detetive do caso disse agora que a unidade que cuida de gangues da regi\u00e3o n\u00e3o foi capaz de reconhec\u00ea-los.<\/p>\n<p>&#8220;Enviei v\u00eddeo e fotos dos infratores para a unidade de gangue que atua na \u00e1rea do incidente. At\u00e9 hoje, eles n\u00e3o foram capazes de identific\u00e1-los&#8221;, diz o detetive Scanlan em e-mail enviado na \u00faltima sexta-feira \u00e0 fam\u00edlia, que tinha uma conversa com as autoridades prevista para a semana passada. O contato foi apenas virtual.<\/p>\n<p>\u201cFicamos um pouco frustrados com a pol\u00edcia. O detetive disse que j\u00e1 encaminharam as fotos e filmagens para a unidade de gangue, mas n\u00e3o tiveram nenhum retorno. Minha nora queria tentar reconhecer, e o motorista do carro tinha olhado um dos motoqueiros nos olhos e talvez pudesse fazer um reconhecimento tamb\u00e9m, mas ele (detetive) disse que n\u00e3o teria ningu\u00e9m para apresentar\u201d &#8211; disse M\u00f4nica Marchezani, m\u00e3e de Jo\u00e3o Pedro.<\/p>\n<p>O detetive avisou que est\u00e1 de f\u00e9rias at\u00e9 o pr\u00f3ximo dia 15 de dezembro e informou que entrar\u00e1 em contato com os ocupantes do ve\u00edculo alvejado pelos criminosos assim que retornar \u00e0 delegacia. O oficial disse ainda que pretende conversar com Jo\u00e3o Pedro, &#8220;se ele se sentir confort\u00e1vel&#8221;. O brasileiro est\u00e1 internado desde que foi baleado. Ap\u00f3s ser submetido a cirurgias, o estudante faz fisioterapia e trabalhos para recobrar totalmente a fala e os movimentos. Ele pode ter alta do hospital no dia de hoje.<\/p>\n<p>&#8220;Entrarei em contato com as outras pessoas (que estavam) no ve\u00edculo novamente quando voltar. Quanto a eles olharem fotos para identificar o motorista da segunda moto, n\u00e3o tenho fotos para mostrar. N\u00e3o tenho um v\u00eddeo claro desse indiv\u00edduo. Os dois infratores na outra moto, ningu\u00e9m no ve\u00edculo os viu. Mas vou ligar para eles novamente para ver se t\u00eam mais informa\u00e7\u00f5es&#8221;, diz o detetive no e-mail.<\/p>\n<p>At\u00e9 o momento, os ind\u00edcios apontam que os dois homens envolvidos no crime fariam parte de uma gangue latina local, conhecida como Cobras (YLOC), que h\u00e1 muitos anos se expande e disputa territ\u00f3rios com outras quadrilhas rivais de Chicago. Oficialmente, a pol\u00edcia n\u00e3o confirma. Em contato com os Marchezani, o detetive respons\u00e1vel pelo caso revelou que se trata da primeira vez que a delegacia recebe um caso no qual uma dessas gangues ataca dessa forma um civil. Casos semelhantes ocorrem geralmente entre integrantes das quadrilhas.<\/p>\n","protected":false},"excerpt":{"rendered":"<p>Quase tr\u00eas meses ap\u00f3s o estudante de rob\u00f3tica Jo\u00e3o Pedro Marchezani, de 23 anos, ser baleado na cabe\u00e7a em Chicago, nos Estados Unidos, a pol\u00edcia americana diz que n\u00e3o identificou os suspeitos, e a investiga\u00e7\u00e3o est\u00e1 estagnada. Em e-mail enviado \u00e0 fam\u00edlia do brasileiro, ao qual o GLOBO teve acesso, o detetive respons\u00e1vel pelo caso comunica que entrou de f\u00e9rias e retorna apenas no dia 15 de dezembro. A fam\u00edlia foi informada recentemente que os agentes j\u00e1 haviam identificado os suspeitos que apareciam em imagens de c\u00e2meras de seguran\u00e7a pr\u00f3ximas ao local do crime, mas precisavam de algu\u00e9m para confirmar. [&hellip;]<\/p>\n","protected":false},"author":1,"featured_media":50312,"comment_status":"open","ping_status":"closed","sticky":false,"template":"","format":"standard","meta":{"_links_to":"","_links_to_target":""},"categories":[4,3,1],"tags":[],"views":984,"_links":{"self":[{"href":"https:\/\/www.brazilianpress.com\/v1\/wp-json\/wp\/v2\/posts\/50311"}],"collection":[{"href":"https:\/\/www.brazilianpress.com\/v1\/wp-json\/wp\/v2\/posts"}],"about":[{"href":"https:\/\/www.brazilianpress.com\/v1\/wp-json\/wp\/v2\/types\/post"}],"author":[{"embeddable":true,"href":"https:\/\/www.brazilianpress.com\/v1\/wp-json\/wp\/v2\/users\/1"}],"replies":[{"embeddable":true,"href":"https:\/\/www.brazilianpress.com\/v1\/wp-json\/wp\/v2\/comments?post=50311"}],"version-history":[{"count":1,"href":"https:\/\/www.brazilianpress.com\/v1\/wp-json\/wp\/v2\/posts\/50311\/revisions"}],"predecessor-version":[{"id":50313,"href":"https:\/\/www.brazilianpress.com\/v1\/wp-json\/wp\/v2\/posts\/50311\/revisions\/50313"}],"wp:featuredmedia":[{"embeddable":true,"href":"https:\/\/www.brazilianpress.com\/v1\/wp-json\/wp\/v2\/media\/50312"}],"wp:attachment":[{"href":"https:\/\/www.brazilianpress.com\/v1\/wp-json\/wp\/v2\/media?parent=50311"}],"wp:term":[{"taxonomy":"category","embeddable":true,"href":"https:\/\/www.brazilianpress.com\/v1\/wp-json\/wp\/v2\/categories?post=50311"},{"taxonomy":"post_tag","embeddable":true,"href":"https:\/\/www.brazilianpress.com\/v1\/wp-json\/wp\/v2\/tags?post=50311"}],"curies":[{"name":"wp","href":"https:\/\/api.w.org\/{rel}","templated":true}]}}