{"id":50320,"date":"2021-11-30T12:55:08","date_gmt":"2021-11-30T16:55:08","guid":{"rendered":"https:\/\/www.brazilianpress.com\/v1\/?p=50320"},"modified":"2021-11-30T12:55:08","modified_gmt":"2021-11-30T16:55:08","slug":"cuca-minimiza-jogo-da-taca-adiado-no-atletico-mg-importante-e-ser-campeao-nao-importa-quando","status":"publish","type":"post","link":"https:\/\/www.brazilianpress.com\/v1\/2021\/11\/30\/cuca-minimiza-jogo-da-taca-adiado-no-atletico-mg-importante-e-ser-campeao-nao-importa-quando\/","title":{"rendered":"Cuca minimiza &#8216;jogo da ta\u00e7a&#8217; adiado no Atl\u00e9tico-MG: &#8220;Importante \u00e9 ser campe\u00e3o, n\u00e3o importa quando&#8221;"},"content":{"rendered":"<p><strong>A expectativa \u00e9 de Mineir\u00e3o lotado mais uma vez, domingo, contra o Fluminense. No entanto, o Atl\u00e9tico-MG, mesmo que ven\u00e7a, n\u00e3o poder\u00e1 assegurar matematicamente ainda o t\u00edtulo do Campeonato Brasileiro, uma vez que a equipe empatou com o Palmeiras (2 a 2), nessa ter\u00e7a-feira.<\/strong><\/p>\n<p>Cuca procurou minimizar o adiamento da chance de decidir definitivamente o campeonato.<\/p>\n<p>\u201cN\u00e3o podemos ser campe\u00f5es no domingo? T\u00e1 bom. O importante \u00e9 ser campe\u00e3o, n\u00e3o importa quando.\u201d<\/p>\n<p>A ta\u00e7a poder\u00e1 chegar \u00e0s m\u00e3os do Atl\u00e9tico na quinta-feira, contra o Bahia, em Salvador. Ou at\u00e9 mesmo na ter\u00e7a, sem que o time esteja em campo.\u00a0Clique e veja os cen\u00e1rios poss\u00edveis!<\/p>\n<p>O momento, de acordo com Cuca, exige equil\u00edbrio. O controle da ansiedade ser\u00e1 aliado do Galo na reta final.<\/p>\n<p>&#8211; Primeiro, a gente tem que ter calma e equil\u00edbrio. Temos que saber que a gente est\u00e1 liderando o campeonato, com humildade e p\u00e9s no ch\u00e3o. Mas, se tem um trope\u00e7o ou um resultado que n\u00e3o \u00e9 o ideal, voc\u00ea tem que saber administrar.<\/p>\n<p>Se por um lado, o Atl\u00e9tico ficou na igualdade com o Palmeiras, por outro, o Flamengo, rival na briga pelo t\u00edtulo, tamb\u00e9m empatou. A dist\u00e2ncia de 8 pontos foi mantida, restando oito rodadas para cada.<\/p>\n<p>&#8211; L\u00f3gico que a ansiedade atinge a todos, principalmente o torcedor, mas temos que ter equil\u00edbrio. Temos um time cascudo, muito regular. \u00c9 dif\u00edcil a gente tomar dois gols, mas a gente vai buscar os resultados adversos. N\u00e3o \u00e9 s\u00f3 quando sai na frente. Tem que saber jogar na contram\u00e3o, como hoje (contra Palmeiras) e buscar os resultados. Faz parte da conquista. \u00c9 mais um ponto conquistado.<\/p>\n<p>&nbsp;<\/p>\n","protected":false},"excerpt":{"rendered":"<p>A expectativa \u00e9 de Mineir\u00e3o lotado mais uma vez, domingo, contra o Fluminense. No entanto, o Atl\u00e9tico-MG, mesmo que ven\u00e7a, n\u00e3o poder\u00e1 assegurar matematicamente ainda o t\u00edtulo do Campeonato Brasileiro, uma vez que a equipe empatou com o Palmeiras (2 a 2), nessa ter\u00e7a-feira. Cuca procurou minimizar o adiamento da chance de decidir definitivamente o campeonato. \u201cN\u00e3o podemos ser campe\u00f5es no domingo? T\u00e1 bom. O importante \u00e9 ser campe\u00e3o, n\u00e3o importa quando.\u201d A ta\u00e7a poder\u00e1 chegar \u00e0s m\u00e3os do Atl\u00e9tico na quinta-feira, contra o Bahia, em Salvador. Ou at\u00e9 mesmo na ter\u00e7a, sem que o time esteja em campo.\u00a0Clique e [&hellip;]<\/p>\n","protected":false},"author":1,"featured_media":50321,"comment_status":"open","ping_status":"closed","sticky":false,"template":"","format":"standard","meta":{"_links_to":"","_links_to_target":""},"categories":[9,1],"tags":[],"views":959,"_links":{"self":[{"href":"https:\/\/www.brazilianpress.com\/v1\/wp-json\/wp\/v2\/posts\/50320"}],"collection":[{"href":"https:\/\/www.brazilianpress.com\/v1\/wp-json\/wp\/v2\/posts"}],"about":[{"href":"https:\/\/www.brazilianpress.com\/v1\/wp-json\/wp\/v2\/types\/post"}],"author":[{"embeddable":true,"href":"https:\/\/www.brazilianpress.com\/v1\/wp-json\/wp\/v2\/users\/1"}],"replies":[{"embeddable":true,"href":"https:\/\/www.brazilianpress.com\/v1\/wp-json\/wp\/v2\/comments?post=50320"}],"version-history":[{"count":1,"href":"https:\/\/www.brazilianpress.com\/v1\/wp-json\/wp\/v2\/posts\/50320\/revisions"}],"predecessor-version":[{"id":50322,"href":"https:\/\/www.brazilianpress.com\/v1\/wp-json\/wp\/v2\/posts\/50320\/revisions\/50322"}],"wp:featuredmedia":[{"embeddable":true,"href":"https:\/\/www.brazilianpress.com\/v1\/wp-json\/wp\/v2\/media\/50321"}],"wp:attachment":[{"href":"https:\/\/www.brazilianpress.com\/v1\/wp-json\/wp\/v2\/media?parent=50320"}],"wp:term":[{"taxonomy":"category","embeddable":true,"href":"https:\/\/www.brazilianpress.com\/v1\/wp-json\/wp\/v2\/categories?post=50320"},{"taxonomy":"post_tag","embeddable":true,"href":"https:\/\/www.brazilianpress.com\/v1\/wp-json\/wp\/v2\/tags?post=50320"}],"curies":[{"name":"wp","href":"https:\/\/api.w.org\/{rel}","templated":true}]}}