{"id":50326,"date":"2021-11-30T12:58:15","date_gmt":"2021-11-30T16:58:15","guid":{"rendered":"https:\/\/www.brazilianpress.com\/v1\/?p=50326"},"modified":"2021-11-30T12:58:15","modified_gmt":"2021-11-30T16:58:15","slug":"expectativa-de-vida-no-brasil-sobe-para-768-anos","status":"publish","type":"post","link":"https:\/\/www.brazilianpress.com\/v1\/2021\/11\/30\/expectativa-de-vida-no-brasil-sobe-para-768-anos\/","title":{"rendered":"Expectativa de vida no Brasil sobe para 76,8 anos"},"content":{"rendered":"<p><strong>A expectativa de vida no Brasil subiu para 76,8 anos em 2020, segundo o Instituto Brasileiro de Geografia e Estat\u00edstica (IBGE). Os dados foram publicados ontem (quinta-feira 25), no Di\u00e1rio Oficial da Uni\u00e3o.<\/strong><\/p>\n<p>Para os nascidos em 2019, a expectativa era viver, em m\u00e9dia, at\u00e9 76,6 anos. Em cinco anos, a expectativa de vida subiu 1,3 ano, enquanto em dez anos houve um crescimento de 3,3 anos. Os dados complementares, divididos por sexo, ser\u00e3o divulgados \u00e0s 9h pelo IBGE. (ABr)<\/p>\n","protected":false},"excerpt":{"rendered":"<p>A expectativa de vida no Brasil subiu para 76,8 anos em 2020, segundo o Instituto Brasileiro de Geografia e Estat\u00edstica (IBGE). Os dados foram publicados ontem (quinta-feira 25), no Di\u00e1rio Oficial da Uni\u00e3o. Para os nascidos em 2019, a expectativa era viver, em m\u00e9dia, at\u00e9 76,6 anos. Em cinco anos, a expectativa de vida subiu 1,3 ano, enquanto em dez anos houve um crescimento de 3,3 anos. Os dados complementares, divididos por sexo, ser\u00e3o divulgados \u00e0s 9h pelo IBGE. (ABr)<\/p>\n","protected":false},"author":1,"featured_media":38513,"comment_status":"open","ping_status":"closed","sticky":false,"template":"","format":"standard","meta":{"_links_to":"","_links_to_target":""},"categories":[7,1],"tags":[],"views":927,"_links":{"self":[{"href":"https:\/\/www.brazilianpress.com\/v1\/wp-json\/wp\/v2\/posts\/50326"}],"collection":[{"href":"https:\/\/www.brazilianpress.com\/v1\/wp-json\/wp\/v2\/posts"}],"about":[{"href":"https:\/\/www.brazilianpress.com\/v1\/wp-json\/wp\/v2\/types\/post"}],"author":[{"embeddable":true,"href":"https:\/\/www.brazilianpress.com\/v1\/wp-json\/wp\/v2\/users\/1"}],"replies":[{"embeddable":true,"href":"https:\/\/www.brazilianpress.com\/v1\/wp-json\/wp\/v2\/comments?post=50326"}],"version-history":[{"count":1,"href":"https:\/\/www.brazilianpress.com\/v1\/wp-json\/wp\/v2\/posts\/50326\/revisions"}],"predecessor-version":[{"id":50327,"href":"https:\/\/www.brazilianpress.com\/v1\/wp-json\/wp\/v2\/posts\/50326\/revisions\/50327"}],"wp:featuredmedia":[{"embeddable":true,"href":"https:\/\/www.brazilianpress.com\/v1\/wp-json\/wp\/v2\/media\/38513"}],"wp:attachment":[{"href":"https:\/\/www.brazilianpress.com\/v1\/wp-json\/wp\/v2\/media?parent=50326"}],"wp:term":[{"taxonomy":"category","embeddable":true,"href":"https:\/\/www.brazilianpress.com\/v1\/wp-json\/wp\/v2\/categories?post=50326"},{"taxonomy":"post_tag","embeddable":true,"href":"https:\/\/www.brazilianpress.com\/v1\/wp-json\/wp\/v2\/tags?post=50326"}],"curies":[{"name":"wp","href":"https:\/\/api.w.org\/{rel}","templated":true}]}}