{"id":50328,"date":"2021-11-30T12:59:57","date_gmt":"2021-11-30T16:59:57","guid":{"rendered":"https:\/\/www.brazilianpress.com\/v1\/?p=50328"},"modified":"2021-11-30T12:59:57","modified_gmt":"2021-11-30T16:59:57","slug":"camara-dos-representantes-aprova-plano-de-gastos-sociais-de-biden-so-falta-a-aprovacao-do-senado","status":"publish","type":"post","link":"https:\/\/www.brazilianpress.com\/v1\/2021\/11\/30\/camara-dos-representantes-aprova-plano-de-gastos-sociais-de-biden-so-falta-a-aprovacao-do-senado\/","title":{"rendered":"C\u00e2mara dos Representantes aprova plano de gastos sociais de Biden, s\u00f3 falta a aprova\u00e7\u00e3o do Senado"},"content":{"rendered":"<p><strong>A C\u00e2mara dos Representantes aprovou plano de gastos do presidente Biden com 220 votos a favor e 213 contra.\u00a0O projeto est\u00e1 agora indo para o Senado, onde os democratas est\u00e3o empatados 50-50 com os republicanos, mas t\u00eam o voto de desempate da vice-presidente Kamala Harris.<\/strong><\/p>\n<p>O pacote social, batizado em ingl\u00eas como &#8220;Build Back Better&#8221;, est\u00e1 avaliado em US $ 1,75 bilh\u00e3o e ampliaria os programas sociais voltados para menores e idosos, al\u00e9m de destinar US $ 550 bilh\u00f5es ao combate \u00e0 crise clim\u00e1tica nos Estados Unidos.<\/p>\n<p>A aprova\u00e7\u00e3o da C\u00e2mara dos Deputados encerraria, ainda que por enquanto, meses de batalhas entre progressistas e democratas moderados por seus custos e pol\u00edticas.\u00a0Embora as mudan\u00e7as significativas no Senado sejam provavelmente devido \u00e0s demandas de corte de custos do senador moderado Joe Manchin, D-Virginia, a aprova\u00e7\u00e3o da C\u00e2mara aproxima Biden de conquistar mais de suas prioridades nacionais em um momento em que sua aprova\u00e7\u00e3o p\u00fablica est\u00e1 vacilando seriamente.<\/p>\n<p>O projeto de 2.100 p\u00e1ginas fortaleceria a assist\u00eancia ao cuidado infantil, criaria uma pr\u00e9-escola gratuita, reduziria os custos de medicamentos prescritos para idosos e fortaleceria os esfor\u00e7os para conter a mudan\u00e7a clim\u00e1tica.<\/p>\n<p>A medida forneceria US $ 109 bilh\u00f5es para criar pr\u00e9-escola gratuita para crian\u00e7as de 3 e 4 anos.\u00a0H\u00e1 grandes somas para assist\u00eancia m\u00e9dica domiciliar para idosos, nova cobertura do Medicare e uma nova exig\u00eancia de quatro semanas de licen\u00e7a familiar remunerada.<\/p>\n<p>Biden e outros l\u00edderes democratas disseram que a medida se pagaria, em grande parte por meio de aumentos de impostos sobre grandes corpora\u00e7\u00f5es e empresas ricas que fazem neg\u00f3cios no exterior.<\/p>\n<p>Os republicanos disseram que a legisla\u00e7\u00e3o prejudicaria uma economia j\u00e1 atormentada pela infla\u00e7\u00e3o, concederia incentivos fiscais a alguns contribuintes ricos e tornaria o governo maior e mais intrusivo.<\/p>\n<p>Duas semanas depois que as obje\u00e7\u00f5es dos centristas for\u00e7aram os democratas a adiar a medida, as divis\u00f5es do partido pareciam quase resolvidas, por enquanto.<\/p>\n<p>Os democratas da C\u00e2mara disseram que estavam planejando 1.000 eventos em todo o pa\u00eds at\u00e9 o final do ano para apresentar os benef\u00edcios da medida aos eleitores.\u00a0Eles enfrentam elei\u00e7\u00f5es de meio de mandato em 2022, nas quais os republicanos t\u00eam grandes esperan\u00e7as de assumir o controle da C\u00e2mara e do Senado.<\/p>\n<p>As negocia\u00e7\u00f5es no Senado podem levar semanas e, se receber cortes adicionais, o projeto de lei emendado ter\u00e1 que voltar para a C\u00e2mara antes de ir para a mesa de Biden.<\/p>\n<p>O projeto tamb\u00e9m permitiria que o governo emitisse autoriza\u00e7\u00f5es de trabalho para milh\u00f5es de imigrantes, o que lhes permitiria ficar temporariamente nos Estados Unidos.\u00a0\u00c9 prov\u00e1vel que seja alterado ou removido no Senado, onde as regras limitam as disposi\u00e7\u00f5es permitidas nos projetos de lei do or\u00e7amento.<\/p>\n<p>O apartid\u00e1rio Comit\u00ea por um Or\u00e7amento Federal Respons\u00e1vel, que prega conten\u00e7\u00e3o fiscal, estimou que o custo total do projeto seria de quase US $ 5 trilh\u00f5es se os democratas n\u00e3o tivessem tornado alguns de seus programas tempor\u00e1rios.<\/p>\n<p>Por exemplo, os cr\u00e9ditos tribut\u00e1rios para crian\u00e7as e trabalhadores de baixa renda, as principais prioridades do partido, s\u00e3o estendidos por apenas um ano, fazendo com que seus pre\u00e7os pare\u00e7am mais baixos, embora o partido queira que esses programas sejam permanentes.<\/p>\n","protected":false},"excerpt":{"rendered":"<p>A C\u00e2mara dos Representantes aprovou plano de gastos do presidente Biden com 220 votos a favor e 213 contra.\u00a0O projeto est\u00e1 agora indo para o Senado, onde os democratas est\u00e3o empatados 50-50 com os republicanos, mas t\u00eam o voto de desempate da vice-presidente Kamala Harris. O pacote social, batizado em ingl\u00eas como &#8220;Build Back Better&#8221;, est\u00e1 avaliado em US $ 1,75 bilh\u00e3o e ampliaria os programas sociais voltados para menores e idosos, al\u00e9m de destinar US $ 550 bilh\u00f5es ao combate \u00e0 crise clim\u00e1tica nos Estados Unidos. A aprova\u00e7\u00e3o da C\u00e2mara dos Deputados encerraria, ainda que por enquanto, meses de [&hellip;]<\/p>\n","protected":false},"author":1,"featured_media":47392,"comment_status":"open","ping_status":"closed","sticky":false,"template":"","format":"standard","meta":{"_links_to":"","_links_to_target":""},"categories":[1,10],"tags":[],"views":822,"_links":{"self":[{"href":"https:\/\/www.brazilianpress.com\/v1\/wp-json\/wp\/v2\/posts\/50328"}],"collection":[{"href":"https:\/\/www.brazilianpress.com\/v1\/wp-json\/wp\/v2\/posts"}],"about":[{"href":"https:\/\/www.brazilianpress.com\/v1\/wp-json\/wp\/v2\/types\/post"}],"author":[{"embeddable":true,"href":"https:\/\/www.brazilianpress.com\/v1\/wp-json\/wp\/v2\/users\/1"}],"replies":[{"embeddable":true,"href":"https:\/\/www.brazilianpress.com\/v1\/wp-json\/wp\/v2\/comments?post=50328"}],"version-history":[{"count":1,"href":"https:\/\/www.brazilianpress.com\/v1\/wp-json\/wp\/v2\/posts\/50328\/revisions"}],"predecessor-version":[{"id":50329,"href":"https:\/\/www.brazilianpress.com\/v1\/wp-json\/wp\/v2\/posts\/50328\/revisions\/50329"}],"wp:featuredmedia":[{"embeddable":true,"href":"https:\/\/www.brazilianpress.com\/v1\/wp-json\/wp\/v2\/media\/47392"}],"wp:attachment":[{"href":"https:\/\/www.brazilianpress.com\/v1\/wp-json\/wp\/v2\/media?parent=50328"}],"wp:term":[{"taxonomy":"category","embeddable":true,"href":"https:\/\/www.brazilianpress.com\/v1\/wp-json\/wp\/v2\/categories?post=50328"},{"taxonomy":"post_tag","embeddable":true,"href":"https:\/\/www.brazilianpress.com\/v1\/wp-json\/wp\/v2\/tags?post=50328"}],"curies":[{"name":"wp","href":"https:\/\/api.w.org\/{rel}","templated":true}]}}