{"id":50334,"date":"2021-12-01T15:49:33","date_gmt":"2021-12-01T19:49:33","guid":{"rendered":"https:\/\/www.brazilianpress.com\/v1\/?p=50334"},"modified":"2021-12-01T15:49:33","modified_gmt":"2021-12-01T19:49:33","slug":"mexico-brasileiros-abusaram-da-isencao-de-vistos-e-agora-vao-pagar-o-preco","status":"publish","type":"post","link":"https:\/\/www.brazilianpress.com\/v1\/2021\/12\/01\/mexico-brasileiros-abusaram-da-isencao-de-vistos-e-agora-vao-pagar-o-preco\/","title":{"rendered":"M\u00e9xico: Brasileiros &#8220;abusaram&#8221; da isen\u00e7\u00e3o de vistos e agora v\u00e3o pagar o pre\u00e7o"},"content":{"rendered":"<p><strong>O\u00a0M\u00e9xico\u00a0anunciou que voltar\u00e1 a solicitar visto aos brasileiros que desejam entrar em seu territ\u00f3rio a partir de meados de dezembro, dado o aumento de pessoas que usam o pa\u00eds para entrar nos\u00a0Estados Unidos\u00a0ilegalmente.<\/strong><\/p>\n<p>Em outubro, a Secretaria de Governo (Segob) anunciou que pretendia impor visto aos brasileiros, suspendendo um acordo do ano 2000, que entrou em vigor em fevereiro de 2004, pelo qual M\u00e9xico e Brasil eliminaram a exig\u00eancia entre os dois pa\u00edses.<\/p>\n<p>\u201cFoi identificado um aumento substancial de brasileiros que entram em territ\u00f3rio nacional sob amparo do Acordo de Supress\u00e3o de Vistos, com finalidade distinta daquela permitida pela condi\u00e7\u00e3o de perman\u00eancia de visitante\u201d, afirmou a Segob em publica\u00e7\u00e3o na sexta-feira passada no Di\u00e1rio Oficial. A medida entrar\u00e1 em vigor 15 dias ap\u00f3s sua publica\u00e7\u00e3o.<\/p>\n<p>Os brasileiros que chegarem ao M\u00e9xico de avi\u00e3o devem portar um visto eletr\u00f4nico. Quem chegar por via terrestre ou mar\u00edtima deve obter um visto regular. Em outubro, a Reuters informou que os Estados Unidos estavam intercedendo para que o M\u00e9xico impusesse visto aos brasileiros.<\/p>\n<p>A cada ano, dezenas de milhares de imigrantes fogem de seus pa\u00edses para os Estados Unidos na esperan\u00e7a de abra\u00e7ar o \u201csonho americano\u201d. Nos \u00faltimos meses, milhares de haitianos se dirigiram \u00e0 fronteira norte do M\u00e9xico. Muitos deles n\u00e3o v\u00e3o diretamente do Haiti, mas do Brasil ou do Chile. Dias atr\u00e1s, a Reuters informou que o M\u00e9xico estudava a possibilidade de estabelecer requisitos de entrada mais r\u00edgidos para os venezuelanos, em parte em resposta a pedidos de Washington, ap\u00f3s um forte aumento das pris\u00f5es na fronteira de cidad\u00e3os do pa\u00eds sul-americano.<\/p>\n","protected":false},"excerpt":{"rendered":"<p>O\u00a0M\u00e9xico\u00a0anunciou que voltar\u00e1 a solicitar visto aos brasileiros que desejam entrar em seu territ\u00f3rio a partir de meados de dezembro, dado o aumento de pessoas que usam o pa\u00eds para entrar nos\u00a0Estados Unidos\u00a0ilegalmente. Em outubro, a Secretaria de Governo (Segob) anunciou que pretendia impor visto aos brasileiros, suspendendo um acordo do ano 2000, que entrou em vigor em fevereiro de 2004, pelo qual M\u00e9xico e Brasil eliminaram a exig\u00eancia entre os dois pa\u00edses. \u201cFoi identificado um aumento substancial de brasileiros que entram em territ\u00f3rio nacional sob amparo do Acordo de Supress\u00e3o de Vistos, com finalidade distinta daquela permitida pela condi\u00e7\u00e3o [&hellip;]<\/p>\n","protected":false},"author":1,"featured_media":49797,"comment_status":"open","ping_status":"closed","sticky":false,"template":"","format":"standard","meta":{"_links_to":"","_links_to_target":""},"categories":[4,3,1],"tags":[],"views":1397,"_links":{"self":[{"href":"https:\/\/www.brazilianpress.com\/v1\/wp-json\/wp\/v2\/posts\/50334"}],"collection":[{"href":"https:\/\/www.brazilianpress.com\/v1\/wp-json\/wp\/v2\/posts"}],"about":[{"href":"https:\/\/www.brazilianpress.com\/v1\/wp-json\/wp\/v2\/types\/post"}],"author":[{"embeddable":true,"href":"https:\/\/www.brazilianpress.com\/v1\/wp-json\/wp\/v2\/users\/1"}],"replies":[{"embeddable":true,"href":"https:\/\/www.brazilianpress.com\/v1\/wp-json\/wp\/v2\/comments?post=50334"}],"version-history":[{"count":1,"href":"https:\/\/www.brazilianpress.com\/v1\/wp-json\/wp\/v2\/posts\/50334\/revisions"}],"predecessor-version":[{"id":50335,"href":"https:\/\/www.brazilianpress.com\/v1\/wp-json\/wp\/v2\/posts\/50334\/revisions\/50335"}],"wp:featuredmedia":[{"embeddable":true,"href":"https:\/\/www.brazilianpress.com\/v1\/wp-json\/wp\/v2\/media\/49797"}],"wp:attachment":[{"href":"https:\/\/www.brazilianpress.com\/v1\/wp-json\/wp\/v2\/media?parent=50334"}],"wp:term":[{"taxonomy":"category","embeddable":true,"href":"https:\/\/www.brazilianpress.com\/v1\/wp-json\/wp\/v2\/categories?post=50334"},{"taxonomy":"post_tag","embeddable":true,"href":"https:\/\/www.brazilianpress.com\/v1\/wp-json\/wp\/v2\/tags?post=50334"}],"curies":[{"name":"wp","href":"https:\/\/api.w.org\/{rel}","templated":true}]}}