{"id":50336,"date":"2021-12-01T17:04:59","date_gmt":"2021-12-01T21:04:59","guid":{"rendered":"https:\/\/www.brazilianpress.com\/v1\/?p=50336"},"modified":"2021-12-01T17:04:59","modified_gmt":"2021-12-01T21:04:59","slug":"atencao-confirmada-primeira-infeccao-pela-variante-omicron-em-solo-americano","status":"publish","type":"post","link":"https:\/\/www.brazilianpress.com\/v1\/2021\/12\/01\/atencao-confirmada-primeira-infeccao-pela-variante-omicron-em-solo-americano\/","title":{"rendered":"Aten\u00e7\u00e3o: Confirmada primeira infec\u00e7\u00e3o pela variante \u00f4micron em solo americano"},"content":{"rendered":"<p><strong>Os Estados Unidos registraram, nesta quarta-feira (1\u00ba), o primeiro caso de Covid-19 ligado \u00e0 variante \u00f4micron do coronav\u00edrus, informou o Centro de Controle e Preven\u00e7\u00e3o de Doen\u00e7as (CDC). Al\u00e9m dos EUA, h\u00e1 casos confirmados desta muta\u00e7\u00e3o &#8211; identificada pela primeira vez na \u00c1frica do Sul -, em ao menos outras 24 na\u00e7\u00f5es.<\/strong><\/p>\n<p>Autoridades sanit\u00e1rias da Calif\u00f3rnia disseram que a nova variante do v\u00edrus foi identificada em um paciente do estado, que est\u00e1 em isolamento. &#8220;O indiv\u00edduo era um viajante que voltou da \u00c1frica do Sul em 22 de novembro de 2021&#8221;, disse o CDC em comunicado. Anthony Fauci, conselheiro da for\u00e7a-tarefa da Casa Branca no combate ao coronav\u00edrus, disse em entrevista coletiva que o primeiro infectado recebeu duas doses da vacina e apresenta sintomas leves. Nenhuma das atuais vacinas contra a Covid-19 evita 100% a infec\u00e7\u00e3o e a transmiss\u00e3o. No entanto, as chances de o vacinado se infectar e transmitir s\u00e3o menores \u2013 e de desenvolver uma doen\u00e7a grave s\u00e3o menores ainda.<\/p>\n<p><img loading=\"lazy\" class=\"alignnone size-full wp-image-45264\" src=\"https:\/\/www.brazilianpress.com\/v1\/wp-content\/uploads\/2020\/08\/new-jersey-covid-19-coronavirus-travel-quarentena-quarantine.jpg\" alt=\"\" width=\"681\" height=\"450\" srcset=\"https:\/\/www.brazilianpress.com\/v1\/wp-content\/uploads\/2020\/08\/new-jersey-covid-19-coronavirus-travel-quarentena-quarantine.jpg 681w, https:\/\/www.brazilianpress.com\/v1\/wp-content\/uploads\/2020\/08\/new-jersey-covid-19-coronavirus-travel-quarentena-quarantine-300x198.jpg 300w\" sizes=\"(max-width: 681px) 100vw, 681px\" \/><\/p>\n<p><strong>O que se sabe sobre a variante?<\/strong><\/p>\n<p>A variante \u00f4micron \u2013 tamb\u00e9m chamada B.1.1529 \u2013 foi reportada \u00e0 Organiza\u00e7\u00e3o Mundial da Sa\u00fade (OMS) em 24 de novembro de 2021 pela \u00c1frica do Sul. De acordo com OMS, a variante apresenta um &#8220;grande n\u00famero de muta\u00e7\u00f5es&#8221;, algumas preocupantes. O primeiro caso confirmado da \u00f4micron foi de uma amostra coletada em 9 de novembro de 2021, na \u00c1frica do Sul. Na ter\u00e7a (30), autoridades sanit\u00e1rias holandesas afirmaram que a variante j\u00e1 estava presente na Europa uma semana antes do que se acreditava antes, em 9 de novembro. O primeiro caso at\u00e9 ent\u00e3o havia sido identificado em 26 de novembro, na B\u00e9lgica.<\/p>\n","protected":false},"excerpt":{"rendered":"<p>Os Estados Unidos registraram, nesta quarta-feira (1\u00ba), o primeiro caso de Covid-19 ligado \u00e0 variante \u00f4micron do coronav\u00edrus, informou o Centro de Controle e Preven\u00e7\u00e3o de Doen\u00e7as (CDC). Al\u00e9m dos EUA, h\u00e1 casos confirmados desta muta\u00e7\u00e3o &#8211; identificada pela primeira vez na \u00c1frica do Sul -, em ao menos outras 24 na\u00e7\u00f5es. Autoridades sanit\u00e1rias da Calif\u00f3rnia disseram que a nova variante do v\u00edrus foi identificada em um paciente do estado, que est\u00e1 em isolamento. &#8220;O indiv\u00edduo era um viajante que voltou da \u00c1frica do Sul em 22 de novembro de 2021&#8221;, disse o CDC em comunicado. Anthony Fauci, conselheiro da [&hellip;]<\/p>\n","protected":false},"author":1,"featured_media":50337,"comment_status":"open","ping_status":"closed","sticky":false,"template":"","format":"standard","meta":{"_links_to":"","_links_to_target":""},"categories":[3,1,10],"tags":[],"views":983,"_links":{"self":[{"href":"https:\/\/www.brazilianpress.com\/v1\/wp-json\/wp\/v2\/posts\/50336"}],"collection":[{"href":"https:\/\/www.brazilianpress.com\/v1\/wp-json\/wp\/v2\/posts"}],"about":[{"href":"https:\/\/www.brazilianpress.com\/v1\/wp-json\/wp\/v2\/types\/post"}],"author":[{"embeddable":true,"href":"https:\/\/www.brazilianpress.com\/v1\/wp-json\/wp\/v2\/users\/1"}],"replies":[{"embeddable":true,"href":"https:\/\/www.brazilianpress.com\/v1\/wp-json\/wp\/v2\/comments?post=50336"}],"version-history":[{"count":2,"href":"https:\/\/www.brazilianpress.com\/v1\/wp-json\/wp\/v2\/posts\/50336\/revisions"}],"predecessor-version":[{"id":50339,"href":"https:\/\/www.brazilianpress.com\/v1\/wp-json\/wp\/v2\/posts\/50336\/revisions\/50339"}],"wp:featuredmedia":[{"embeddable":true,"href":"https:\/\/www.brazilianpress.com\/v1\/wp-json\/wp\/v2\/media\/50337"}],"wp:attachment":[{"href":"https:\/\/www.brazilianpress.com\/v1\/wp-json\/wp\/v2\/media?parent=50336"}],"wp:term":[{"taxonomy":"category","embeddable":true,"href":"https:\/\/www.brazilianpress.com\/v1\/wp-json\/wp\/v2\/categories?post=50336"},{"taxonomy":"post_tag","embeddable":true,"href":"https:\/\/www.brazilianpress.com\/v1\/wp-json\/wp\/v2\/tags?post=50336"}],"curies":[{"name":"wp","href":"https:\/\/api.w.org\/{rel}","templated":true}]}}