{"id":50340,"date":"2021-12-02T09:53:40","date_gmt":"2021-12-02T13:53:40","guid":{"rendered":"https:\/\/www.brazilianpress.com\/v1\/?p=50340"},"modified":"2021-12-02T09:53:40","modified_gmt":"2021-12-02T13:53:40","slug":"vacina-contra-nova-cepa-covid-versao-omicron-ja-esta-sendo-trabalhada-pela-pfizer","status":"publish","type":"post","link":"https:\/\/www.brazilianpress.com\/v1\/2021\/12\/02\/vacina-contra-nova-cepa-covid-versao-omicron-ja-esta-sendo-trabalhada-pela-pfizer\/","title":{"rendered":"Vacina contra nova cepa covid vers\u00e3o \u00f4micron j\u00e1 est\u00e1 sendo trabalhada pela Pfizer"},"content":{"rendered":"<p><strong>A Pfizer j\u00e1 come\u00e7ou a trabalhar em uma nova vers\u00e3o de sua vacina contra covid direcionada mais especificamente para a variante \u00f4micron, em caso de o imunizante atual n\u00e3o ser suficientemente eficaz contra esta cepa, afirmou na segunda-feira (29) o diretor-executivo da farmac\u00eautica americana, Albert Bourla.<\/strong><\/p>\n<p>\u201cAinda h\u00e1 muitas coisas que n\u00e3o sabemos\u201d sobre a nova variante, detectada no sul da \u00c1frica e considerada \u201cpreocupante\u201d pela OMS, disse o executivo em uma entrevista para a rede americana CNBC.<\/p>\n<p>\u201cSaberemos o essencial do que precisamos saber em poucas semanas\u201d, acrescentou.<\/p>\n<p>A empresa vai realizar testes para avaliar a efic\u00e1cia da vacina atual, desenvolvida com a BioNTech, contra a \u00f4micron. Mas se \u201cproteger menos e acharmos que h\u00e1 uma necessidade de criar outra vacina, j\u00e1 come\u00e7amos a trabalhar desde sexta-feira. Fizemos nosso primeiro modelo de DNA, que \u00e9 a primeira etapa do desenvolvimento de uma nova vacina\u201d, explicou.<\/p>\n<p>A Pfizer j\u00e1 criou duas novas vers\u00f5es de sua vacina em menos de cem dias, contra as variantes delta e beta, que acabaram n\u00e3o sendo usadas. \u201cEm 95 dias, teremos a nova vacina contra a \u00f4micron\u201d, disse Bourla.<\/p>\n<p>O laborat\u00f3rio Moderna, que tamb\u00e9m produz uma vacina contra a covid, anunciou na sexta-feira sua inten\u00e7\u00e3o de desenvolver uma dose de refor\u00e7o espec\u00edfica para a \u00f4micron.<\/p>\n<p>O diretor da Pfizer afirmou, por\u00e9m, que ainda confia na vacina que \u00e9 distribu\u00edda atualmente, indicando que a farmac\u00eautica usou \u201cuma boa dosagem desde o in\u00edcio\u201d.<\/p>\n<p>A p\u00edlula anticovid desenvolvida pela Pfizer para tratar a doen\u00e7a, que apresentou uma efic\u00e1cia de 89% contra hospitaliza\u00e7\u00f5es e mortes em ensaios cl\u00ednicos, foi tamb\u00e9m desenvolvida com a ideia\u201d de que haveria muta\u00e7\u00f5es do v\u00edrus, afirmou Bourla.<\/p>\n<p>\u201cTenho confian\u00e7a na capacidade (da p\u00edlula) de funcionar com todas as muta\u00e7\u00f5es, incluindo a \u00f4micron\u201d, enfatizou.<\/p>\n","protected":false},"excerpt":{"rendered":"<p>A Pfizer j\u00e1 come\u00e7ou a trabalhar em uma nova vers\u00e3o de sua vacina contra covid direcionada mais especificamente para a variante \u00f4micron, em caso de o imunizante atual n\u00e3o ser suficientemente eficaz contra esta cepa, afirmou na segunda-feira (29) o diretor-executivo da farmac\u00eautica americana, Albert Bourla. \u201cAinda h\u00e1 muitas coisas que n\u00e3o sabemos\u201d sobre a nova variante, detectada no sul da \u00c1frica e considerada \u201cpreocupante\u201d pela OMS, disse o executivo em uma entrevista para a rede americana CNBC. \u201cSaberemos o essencial do que precisamos saber em poucas semanas\u201d, acrescentou. A empresa vai realizar testes para avaliar a efic\u00e1cia da vacina [&hellip;]<\/p>\n","protected":false},"author":1,"featured_media":49245,"comment_status":"open","ping_status":"closed","sticky":false,"template":"","format":"standard","meta":{"_links_to":"","_links_to_target":""},"categories":[3,1,10],"tags":[],"views":900,"_links":{"self":[{"href":"https:\/\/www.brazilianpress.com\/v1\/wp-json\/wp\/v2\/posts\/50340"}],"collection":[{"href":"https:\/\/www.brazilianpress.com\/v1\/wp-json\/wp\/v2\/posts"}],"about":[{"href":"https:\/\/www.brazilianpress.com\/v1\/wp-json\/wp\/v2\/types\/post"}],"author":[{"embeddable":true,"href":"https:\/\/www.brazilianpress.com\/v1\/wp-json\/wp\/v2\/users\/1"}],"replies":[{"embeddable":true,"href":"https:\/\/www.brazilianpress.com\/v1\/wp-json\/wp\/v2\/comments?post=50340"}],"version-history":[{"count":1,"href":"https:\/\/www.brazilianpress.com\/v1\/wp-json\/wp\/v2\/posts\/50340\/revisions"}],"predecessor-version":[{"id":50341,"href":"https:\/\/www.brazilianpress.com\/v1\/wp-json\/wp\/v2\/posts\/50340\/revisions\/50341"}],"wp:featuredmedia":[{"embeddable":true,"href":"https:\/\/www.brazilianpress.com\/v1\/wp-json\/wp\/v2\/media\/49245"}],"wp:attachment":[{"href":"https:\/\/www.brazilianpress.com\/v1\/wp-json\/wp\/v2\/media?parent=50340"}],"wp:term":[{"taxonomy":"category","embeddable":true,"href":"https:\/\/www.brazilianpress.com\/v1\/wp-json\/wp\/v2\/categories?post=50340"},{"taxonomy":"post_tag","embeddable":true,"href":"https:\/\/www.brazilianpress.com\/v1\/wp-json\/wp\/v2\/tags?post=50340"}],"curies":[{"name":"wp","href":"https:\/\/api.w.org\/{rel}","templated":true}]}}