{"id":50342,"date":"2021-12-02T09:56:34","date_gmt":"2021-12-02T13:56:34","guid":{"rendered":"https:\/\/www.brazilianpress.com\/v1\/?p=50342"},"modified":"2021-12-02T09:56:34","modified_gmt":"2021-12-02T13:56:34","slug":"hospitalizacoes-por-covid-19-em-new-jersey-tem-aumento-de-20-por-duas-semanas","status":"publish","type":"post","link":"https:\/\/www.brazilianpress.com\/v1\/2021\/12\/02\/hospitalizacoes-por-covid-19-em-new-jersey-tem-aumento-de-20-por-duas-semanas\/","title":{"rendered":"Hospitaliza\u00e7\u00f5es por Covid-19 em New Jersey tem aumento de 20% por duas semanas"},"content":{"rendered":"<p><strong>Nova Jersey est\u00e1 reportando um aumento nas hospitaliza\u00e7\u00f5es para casos da cepa Delta. Os n\u00fameros fornecidos pelo governador Phil Murphy refletem um aumento de quase 20% nas hospitaliza\u00e7\u00f5es por COVID-19 em todo o estado por duas semanas consecutivas.\u00a0Esse n\u00famero aumentou 22% entre 15 e 22 de novembro e 18% entre 22 e 29 de novembro.<\/strong><\/p>\n<p>&#8220;Ainda estamos registrando mais de mil novos casos confirmados em um dia e nossas hospitaliza\u00e7\u00f5es aumentaram dramaticamente nas \u00faltimas semanas&#8221;, disse Murphy na segunda-feira.\u00a0&#8220;Nossos n\u00fameros continuam a ser impulsionados pela variante delta.&#8221;<\/p>\n<p>O aumento n\u00e3o teve qualquer mudan\u00e7a imediata na pol\u00edtica das hospitaliza\u00e7\u00f5es, especialmente no que diz respeito a cirurgias eletivas.\u00a0Murphy chamou o corte dessas cirurgias de &#8220;draconiano&#8221; e disse que n\u00e3o havia indica\u00e7\u00e3o de que o estado teria que tomar essa medida t\u00e3o cedo.<\/p>\n<p>O Departamento de Sa\u00fade do estado est\u00e1 monitorando a variante Omicron usando testes de PCR e sequenciamento do v\u00edrus. Embora ainda n\u00e3o tenha sido detectado no estado de New Jersey, Murphy e muitos funcion\u00e1rios de sa\u00fade p\u00fablica acreditam que a nova variante estar\u00e1 em breve em todo os Estados Unidos.\u00a0 &#8220;Devemos estar preparados agora para esta variante nos atingir&#8221;, disse ele.<\/p>\n<p>A melhor maneira de se preparar, reiterou o governador de New Jersey e o comiss\u00e1rio de sa\u00fade, \u00e9 se vacinar. O n\u00famero de habitantes de New Jersey que completaram uma s\u00e9rie completa da vacina COVID-19 atingiu quase 5,9 milh\u00f5es. &#8220;Vacinem-se, pessoal. A prote\u00e7\u00e3o adicional de um refor\u00e7o n\u00e3o \u00e9 mais uma vantagem, mas uma necessidade&#8221;, disse ele. No fim de semana, Murphy recebeu uma dose de refor\u00e7o de COVID-19 junto com sua esposa e filhos.\u00a0At\u00e9 agora, mais de 1,2 milh\u00e3o de doses de refor\u00e7o foram administradas em todo o estado.<\/p>\n","protected":false},"excerpt":{"rendered":"<p>Nova Jersey est\u00e1 reportando um aumento nas hospitaliza\u00e7\u00f5es para casos da cepa Delta. Os n\u00fameros fornecidos pelo governador Phil Murphy refletem um aumento de quase 20% nas hospitaliza\u00e7\u00f5es por COVID-19 em todo o estado por duas semanas consecutivas.\u00a0Esse n\u00famero aumentou 22% entre 15 e 22 de novembro e 18% entre 22 e 29 de novembro. &#8220;Ainda estamos registrando mais de mil novos casos confirmados em um dia e nossas hospitaliza\u00e7\u00f5es aumentaram dramaticamente nas \u00faltimas semanas&#8221;, disse Murphy na segunda-feira.\u00a0&#8220;Nossos n\u00fameros continuam a ser impulsionados pela variante delta.&#8221; O aumento n\u00e3o teve qualquer mudan\u00e7a imediata na pol\u00edtica das hospitaliza\u00e7\u00f5es, especialmente no [&hellip;]<\/p>\n","protected":false},"author":1,"featured_media":43530,"comment_status":"open","ping_status":"closed","sticky":false,"template":"","format":"standard","meta":{"_links_to":"","_links_to_target":""},"categories":[4,3,1],"tags":[],"views":866,"_links":{"self":[{"href":"https:\/\/www.brazilianpress.com\/v1\/wp-json\/wp\/v2\/posts\/50342"}],"collection":[{"href":"https:\/\/www.brazilianpress.com\/v1\/wp-json\/wp\/v2\/posts"}],"about":[{"href":"https:\/\/www.brazilianpress.com\/v1\/wp-json\/wp\/v2\/types\/post"}],"author":[{"embeddable":true,"href":"https:\/\/www.brazilianpress.com\/v1\/wp-json\/wp\/v2\/users\/1"}],"replies":[{"embeddable":true,"href":"https:\/\/www.brazilianpress.com\/v1\/wp-json\/wp\/v2\/comments?post=50342"}],"version-history":[{"count":1,"href":"https:\/\/www.brazilianpress.com\/v1\/wp-json\/wp\/v2\/posts\/50342\/revisions"}],"predecessor-version":[{"id":50343,"href":"https:\/\/www.brazilianpress.com\/v1\/wp-json\/wp\/v2\/posts\/50342\/revisions\/50343"}],"wp:featuredmedia":[{"embeddable":true,"href":"https:\/\/www.brazilianpress.com\/v1\/wp-json\/wp\/v2\/media\/43530"}],"wp:attachment":[{"href":"https:\/\/www.brazilianpress.com\/v1\/wp-json\/wp\/v2\/media?parent=50342"}],"wp:term":[{"taxonomy":"category","embeddable":true,"href":"https:\/\/www.brazilianpress.com\/v1\/wp-json\/wp\/v2\/categories?post=50342"},{"taxonomy":"post_tag","embeddable":true,"href":"https:\/\/www.brazilianpress.com\/v1\/wp-json\/wp\/v2\/tags?post=50342"}],"curies":[{"name":"wp","href":"https:\/\/api.w.org\/{rel}","templated":true}]}}