{"id":50360,"date":"2021-12-04T09:46:05","date_gmt":"2021-12-04T13:46:05","guid":{"rendered":"https:\/\/www.brazilianpress.com\/v1\/?p=50360"},"modified":"2021-12-04T09:46:05","modified_gmt":"2021-12-04T13:46:05","slug":"em-derrota-politica-biden-e-forcado-a-reativar-programa-anti-imigracao-de-trump","status":"publish","type":"post","link":"https:\/\/www.brazilianpress.com\/v1\/2021\/12\/04\/em-derrota-politica-biden-e-forcado-a-reativar-programa-anti-imigracao-de-trump\/","title":{"rendered":"Em derrota pol\u00edtica, Biden \u00e9 for\u00e7ado a reativar programa anti-imigra\u00e7\u00e3o de Trump"},"content":{"rendered":"<p><strong>M\u00e9xico e Estados Unidos concordaram em reativar parcialmente um programa do governo de Donald Trump por meio do qual os migrantes devem esperar em territ\u00f3rio mexicano pela resposta aos seus pedidos de asilo no pa\u00eds vizinho. A decis\u00e3o \u00e9 vista como um rev\u00e9s para o presidente democrata Joe Biden, que havia encerrado essa pr\u00e1tica quando o assumiu o poder, em janeiro.<\/strong><\/p>\n<p>Dezenas de milhares de migrantes ilegais, oriundos principalmente da Am\u00e9rica Central, foram enviados para a fronteira mexicana durante a gest\u00e3o de Trump, entre 2017 e 2021. Esses clandestinos eram levados para o M\u00e9xico para que esperassem a decis\u00e3o sobre seus pedidos de asilo feitos aos Estados Unidos.<\/p>\n<p><img loading=\"lazy\" class=\"alignnone size-full wp-image-49666\" src=\"https:\/\/www.brazilianpress.com\/v1\/wp-content\/uploads\/2021\/09\/haitianos-fronteira-eua-mexico.jpg\" alt=\"\" width=\"700\" height=\"420\" srcset=\"https:\/\/www.brazilianpress.com\/v1\/wp-content\/uploads\/2021\/09\/haitianos-fronteira-eua-mexico.jpg 700w, https:\/\/www.brazilianpress.com\/v1\/wp-content\/uploads\/2021\/09\/haitianos-fronteira-eua-mexico-300x180.jpg 300w\" sizes=\"(max-width: 700px) 100vw, 700px\" \/><\/p>\n<p>Ao chegar no poder, Biden prometeu uma pol\u00edtica migrat\u00f3ria mais humana e desmantelou esse programa de Trump, que havia sido batizado de \u201cStay in Mexico\u201d. Mas, em agosto passado, a Suprema Corte dos Estados Unidos considerou que o dispositivo deveria ser mantido e que os migrantes deveriam voltar a ser devolvidos. A decis\u00e3o acaba de ser confirmada, ap\u00f3s negocia\u00e7\u00f5es entre Washington e o governo mexicano.<\/p>\n<p>\u201cO M\u00e9xico decidiu que, por raz\u00f5es humanit\u00e1rias e temporariamente, n\u00e3o devolver\u00e1 a seus pa\u00edses de origem certos migrantes que t\u00eam uma audi\u00eancia para comparecer perante um juiz de imigra\u00e7\u00e3o nos Estados Unidos para solicitar asilo\u201d, informou nesta quinta-feira 2 um comunicado do governo mexicano.<\/p>\n<p><img loading=\"lazy\" class=\"alignnone size-full wp-image-47666\" src=\"https:\/\/www.brazilianpress.com\/v1\/wp-content\/uploads\/2021\/03\/presidente-eua-joe-biden-covid-19.jpg\" alt=\"\" width=\"700\" height=\"366\" srcset=\"https:\/\/www.brazilianpress.com\/v1\/wp-content\/uploads\/2021\/03\/presidente-eua-joe-biden-covid-19.jpg 700w, https:\/\/www.brazilianpress.com\/v1\/wp-content\/uploads\/2021\/03\/presidente-eua-joe-biden-covid-19-300x157.jpg 300w\" sizes=\"(max-width: 700px) 100vw, 700px\" \/><\/p>\n<p>Nos Estados Unidos, o Departamento de Seguran\u00e7a Nacional informou que, assim que o M\u00e9xico reativar seu programa de recebimento de migrantes, o MPP, far\u00e1 algumas altera\u00e7\u00f5es em seus protocolos de prote\u00e7\u00e3o de migrantes para agilizar o processo e responder \u00e0s preocupa\u00e7\u00f5es do M\u00e9xico.<\/p>\n<p><strong>Seis meses de espera na fronteira<\/strong><\/p>\n<p>A previs\u00e3o \u00e9 de que a partir de segunda-feira 6 os migrantes sejam devolvidos ao M\u00e9xico. Aqueles cuja situa\u00e7\u00e3o seja considerada vulner\u00e1vel ser\u00e3o exclu\u00eddos do MPP.<\/p>\n<p>Um dos principais compromissos dos Estados Unidos \u00e9 que os processos de pedido de asilo sejam \u201cconclu\u00eddos em seis meses\u201d a partir do momento em que o requerente \u00e9 devolvido ao M\u00e9xico e para agilizar a comunica\u00e7\u00e3o e a informa\u00e7\u00e3o prestada aos migrantes. Na fronteira h\u00e1 migrantes que tiveram que esperar mais de um ano por suas audi\u00eancias e, a partir de mar\u00e7o de 2020, devido \u00e0 pandemia da Covid-19, o processo foi adiado ainda mais.<\/p>\n<p><img src=\"https:\/\/jpimg.com.br\/uploads\/2021\/12\/000_9rx39x.jpg\" \/><\/p>\n<p>Na negocia\u00e7\u00e3o tamb\u00e9m foi levantada a necessidade de aplica\u00e7\u00e3o de medidas contra a Covid-19, como exames m\u00e9dicos e disponibiliza\u00e7\u00e3o de vacinas para os migrantes. Os Estados Unidos prometeram que todos os inscritos no MPP ser\u00e3o vacinados. Os dois pa\u00edses colaborar\u00e3o para que haja abrigos seguros para os migrantes, que tenham transporte eficiente para cruzar a fronteira e tenham acesso a um emprego e servi\u00e7os de sa\u00fade em territ\u00f3rio mexicano.<\/p>\n<p>O M\u00e9xico, que durante anos se recusou a receber migrantes de volta, aceitou as pol\u00edticas de Trump ap\u00f3s a chegada de Andr\u00e9s Manuel L\u00f3pez Obrador \u00e0 Presid\u00eancia, em dezembro de 2018. Mais de 190.000 migrantes foram identificados pelas autoridades mexicanas entre janeiro e setembro, tr\u00eas vezes mais do que em 2020. Cerca de 74.300 foram deportados.<\/p>\n","protected":false},"excerpt":{"rendered":"<p>M\u00e9xico e Estados Unidos concordaram em reativar parcialmente um programa do governo de Donald Trump por meio do qual os migrantes devem esperar em territ\u00f3rio mexicano pela resposta aos seus pedidos de asilo no pa\u00eds vizinho. A decis\u00e3o \u00e9 vista como um rev\u00e9s para o presidente democrata Joe Biden, que havia encerrado essa pr\u00e1tica quando o assumiu o poder, em janeiro. Dezenas de milhares de migrantes ilegais, oriundos principalmente da Am\u00e9rica Central, foram enviados para a fronteira mexicana durante a gest\u00e3o de Trump, entre 2017 e 2021. Esses clandestinos eram levados para o M\u00e9xico para que esperassem a decis\u00e3o sobre [&hellip;]<\/p>\n","protected":false},"author":1,"featured_media":50361,"comment_status":"open","ping_status":"closed","sticky":false,"template":"","format":"standard","meta":{"_links_to":"","_links_to_target":""},"categories":[4,3,1],"tags":[],"views":1263,"_links":{"self":[{"href":"https:\/\/www.brazilianpress.com\/v1\/wp-json\/wp\/v2\/posts\/50360"}],"collection":[{"href":"https:\/\/www.brazilianpress.com\/v1\/wp-json\/wp\/v2\/posts"}],"about":[{"href":"https:\/\/www.brazilianpress.com\/v1\/wp-json\/wp\/v2\/types\/post"}],"author":[{"embeddable":true,"href":"https:\/\/www.brazilianpress.com\/v1\/wp-json\/wp\/v2\/users\/1"}],"replies":[{"embeddable":true,"href":"https:\/\/www.brazilianpress.com\/v1\/wp-json\/wp\/v2\/comments?post=50360"}],"version-history":[{"count":2,"href":"https:\/\/www.brazilianpress.com\/v1\/wp-json\/wp\/v2\/posts\/50360\/revisions"}],"predecessor-version":[{"id":50363,"href":"https:\/\/www.brazilianpress.com\/v1\/wp-json\/wp\/v2\/posts\/50360\/revisions\/50363"}],"wp:featuredmedia":[{"embeddable":true,"href":"https:\/\/www.brazilianpress.com\/v1\/wp-json\/wp\/v2\/media\/50361"}],"wp:attachment":[{"href":"https:\/\/www.brazilianpress.com\/v1\/wp-json\/wp\/v2\/media?parent=50360"}],"wp:term":[{"taxonomy":"category","embeddable":true,"href":"https:\/\/www.brazilianpress.com\/v1\/wp-json\/wp\/v2\/categories?post=50360"},{"taxonomy":"post_tag","embeddable":true,"href":"https:\/\/www.brazilianpress.com\/v1\/wp-json\/wp\/v2\/tags?post=50360"}],"curies":[{"name":"wp","href":"https:\/\/api.w.org\/{rel}","templated":true}]}}