{"id":50390,"date":"2021-12-10T06:40:09","date_gmt":"2021-12-10T10:40:09","guid":{"rendered":"https:\/\/www.brazilianpress.com\/v1\/?p=50390"},"modified":"2021-12-10T06:40:09","modified_gmt":"2021-12-10T10:40:09","slug":"urgente-sobe-para-54-o-numero-de-mortos-em-acidente-com-carreta-de-imigrantes-no-mexico","status":"publish","type":"post","link":"https:\/\/www.brazilianpress.com\/v1\/2021\/12\/10\/urgente-sobe-para-54-o-numero-de-mortos-em-acidente-com-carreta-de-imigrantes-no-mexico\/","title":{"rendered":"URGENTE: Sobe para 54 o n\u00famero de mortos em acidente com carreta de imigrantes no M\u00e9xico"},"content":{"rendered":"<p><strong>Subiu para 54 o n\u00famero de migrantes mortos num acidente em uma estrada de Chiapas, no M\u00e9xico, informou o governador do estado nesta sexta-feira (10). Os feridos chegam a 105 e, segundo a imprensa local, ao menos tr\u00eas pessoas se encontram em estado grave no hospital.<\/strong><\/p>\n<p>Na v\u00e9spera, uma carreta na qual eles viajavam clandestinamente se chocou contra um muro e tombou. O balan\u00e7o das v\u00edtimas foi atualizado por Rutilio Escand\u00f3n, governador do estado fronteiri\u00e7o com a Guatemala, principal ponto de acesso de migrantes em situa\u00e7\u00e3o irregular no sul mexicano. &#8220;Infelizmente 49 pessoas morreram no local, e cinco enquanto recebiam atendimento m\u00e9dico no hospital&#8221;, escreveu Escand\u00f3n em nota. &#8220;Temos 105 feridos (83 homens e 22 mulheres) e ainda estamos prestando socorro aos feridos.&#8221;<\/p>\n<p><img src=\"https:\/\/s2.glbimg.com\/z6KpWladu2vUF-9NKKKEt1pUkGs=\/0x0:1600x736\/984x0\/smart\/filters:strip_icc()\/i.s3.glbimg.com\/v1\/AUTH_59edd422c0c84a879bd37670ae4f538a\/internal_photos\/bs\/2021\/S\/I\/Q50EMsQ7AfMhFCxP271Q\/chiapas.jpg\" alt=\"Acidente com carreta que transportava imigrantes em Chiapas resultou em dezenas de mortes \u2014 Foto: Reprodu\u00e7\u00e3o\/Twitter\/Jenaro Villamil\/SPR M\u00e9xico\" \/><\/p>\n<p>O Minist\u00e9rio P\u00fablico mexicano disse que iniciou uma investiga\u00e7\u00e3o para encontrar as causas do acidente que terminou com a morte de dezenas de pessoas. Segundo a Defesa Civil, entre os feridos, h\u00e1 cidad\u00e3os de ao menos cinco pa\u00edses da Am\u00e9rica do Sul e Central \u2013 e 20 deles s\u00e3o menores de idade (de 3 a 17 anos). O presidente mexicano, Andr\u00e9s Lopez Obrador, lamentou o acidente em uma mensagem em rede social:<\/p>\n<p><img src=\"https:\/\/s.abcnews.com\/images\/International\/WireAP_04dd525eecbe42c0b868ad4da8157a77_16x9_992.jpg\" alt=\"53 migrants dead, 54 injured in truck crash in south Mexico - ABC News\" \/><\/p>\n<p>&#8220;Lamento profundamente a trag\u00e9dia causada pelo capotamento de uma carreta em Chiapas, que transportava migrantes centro-americanos. \u00c9 muito doloroso. Envio um abra\u00e7o \u00e0s fam\u00edlias das v\u00edtimas&#8221;, escreveu. Tamb\u00e9m o presidente da Guatemala, Alejandro Giammattei, se pronunciou. Segundo informa\u00e7\u00f5es iniciais, alguns dos falecidos seriam daquele pa\u00eds. &#8220;Lamento profundamente a trag\u00e9dia no Estado de Chiapas e simpatizo com os familiares das v\u00edtimas, a quem oferecemos toda a assist\u00eancia consular necess\u00e1ria, incluindo repatria\u00e7\u00f5es&#8221;, escreveu Giammattei.<\/p>\n<p><img src=\"https:\/\/kyma.b-cdn.net\/2021\/12\/mx-fatal-crash-1440x810.png\" alt=\"53 migrants dead, 54 injured in truck crash in south Mexico - KYMA\" \/><\/p>\n<p>O transporte de migrantes em caminh\u00f5es \u00e9 um dos m\u00e9todos mais comuns usados por traficantes de pessoas para introduzir essas pessoas em territ\u00f3rio mexicano, com o objetivo de chegar \u00e0 fronteira norte do pa\u00eds e tentar atravessar para os Estados Unidos, segundo a ag\u00eancia France Presse.<\/p>\n<p><img src=\"https:\/\/www.ibtimes.com.au\/sites\/au.ibtimes.com\/files\/styles\/v2_article_large\/public\/2021\/12\/10\/gettyimages-1237129687.jpg?itok=CusicMe1\" alt=\"Mexico Truck Crash Leaves 53 Dead, Mostly Migrants\" \/><\/p>\n<p><img src=\"https:\/\/s2.glbimg.com\/taNfwBwqbpmiA_B-wXuW5Yvqj0Q=\/0x0:1080x1440\/984x0\/smart\/filters:strip_icc()\/i.s3.glbimg.com\/v1\/AUTH_59edd422c0c84a879bd37670ae4f538a\/internal_photos\/bs\/2021\/Q\/0\/A01QIuRAmVPbu95Q7V4Q\/cruz-roja.jpg\" alt=\"Cruz Vermelha resgata imigrantes feridos ap\u00f3s carreta tombar em Chiapas deixando dezenas de mortos \u2014 Foto: Reprodu\u00e7\u00e3o\/Twitter\/@paconazar\/@cruzrojachiapas\" \/><\/p>\n<p><img src=\"https:\/\/i2.wp.com\/koko.ng\/wp-content\/uploads\/2021\/12\/Truck-Crash-Chiapas-Mexico-KOKO-TV-Nigeria-5.jpeg?resize=696%2C696&amp;ssl=1\" alt=\"At Least 53 Dead And 58 Injured As Truck Packed With Migrants Crashes In  Chiapas, Mexico\" \/><\/p>\n","protected":false},"excerpt":{"rendered":"<p>Subiu para 54 o n\u00famero de migrantes mortos num acidente em uma estrada de Chiapas, no M\u00e9xico, informou o governador do estado nesta sexta-feira (10). Os feridos chegam a 105 e, segundo a imprensa local, ao menos tr\u00eas pessoas se encontram em estado grave no hospital. Na v\u00e9spera, uma carreta na qual eles viajavam clandestinamente se chocou contra um muro e tombou. O balan\u00e7o das v\u00edtimas foi atualizado por Rutilio Escand\u00f3n, governador do estado fronteiri\u00e7o com a Guatemala, principal ponto de acesso de migrantes em situa\u00e7\u00e3o irregular no sul mexicano. &#8220;Infelizmente 49 pessoas morreram no local, e cinco enquanto recebiam [&hellip;]<\/p>\n","protected":false},"author":1,"featured_media":50391,"comment_status":"open","ping_status":"closed","sticky":false,"template":"","format":"standard","meta":{"_links_to":"","_links_to_target":""},"categories":[4,3,1],"tags":[],"views":1402,"_links":{"self":[{"href":"https:\/\/www.brazilianpress.com\/v1\/wp-json\/wp\/v2\/posts\/50390"}],"collection":[{"href":"https:\/\/www.brazilianpress.com\/v1\/wp-json\/wp\/v2\/posts"}],"about":[{"href":"https:\/\/www.brazilianpress.com\/v1\/wp-json\/wp\/v2\/types\/post"}],"author":[{"embeddable":true,"href":"https:\/\/www.brazilianpress.com\/v1\/wp-json\/wp\/v2\/users\/1"}],"replies":[{"embeddable":true,"href":"https:\/\/www.brazilianpress.com\/v1\/wp-json\/wp\/v2\/comments?post=50390"}],"version-history":[{"count":1,"href":"https:\/\/www.brazilianpress.com\/v1\/wp-json\/wp\/v2\/posts\/50390\/revisions"}],"predecessor-version":[{"id":50392,"href":"https:\/\/www.brazilianpress.com\/v1\/wp-json\/wp\/v2\/posts\/50390\/revisions\/50392"}],"wp:featuredmedia":[{"embeddable":true,"href":"https:\/\/www.brazilianpress.com\/v1\/wp-json\/wp\/v2\/media\/50391"}],"wp:attachment":[{"href":"https:\/\/www.brazilianpress.com\/v1\/wp-json\/wp\/v2\/media?parent=50390"}],"wp:term":[{"taxonomy":"category","embeddable":true,"href":"https:\/\/www.brazilianpress.com\/v1\/wp-json\/wp\/v2\/categories?post=50390"},{"taxonomy":"post_tag","embeddable":true,"href":"https:\/\/www.brazilianpress.com\/v1\/wp-json\/wp\/v2\/tags?post=50390"}],"curies":[{"name":"wp","href":"https:\/\/api.w.org\/{rel}","templated":true}]}}