{"id":50424,"date":"2021-12-11T10:34:47","date_gmt":"2021-12-11T14:34:47","guid":{"rendered":"https:\/\/www.brazilianpress.com\/v1\/?p=50424"},"modified":"2021-12-11T10:34:47","modified_gmt":"2021-12-11T14:34:47","slug":"para-acerta-saida-do-santos-e-negocia-com-o-cruzeiro-para-2022","status":"publish","type":"post","link":"https:\/\/www.brazilianpress.com\/v1\/2021\/12\/11\/para-acerta-saida-do-santos-e-negocia-com-o-cruzeiro-para-2022\/","title":{"rendered":"Par\u00e1 acerta sa\u00edda do Santos e negocia com o Cruzeiro para 2022"},"content":{"rendered":"<p><strong>O Cruzeiro segue no mercado em busca da montagem do elenco para Vanderlei Luxemburgo. O lateral direito Par\u00e1, atualmente o Santos, negocia com a Raposa para a pr\u00f3xima temporada. O jogador acertou a sa\u00edda do Peixe, com quem tinha v\u00ednculo at\u00e9 o fim de 2022.<\/strong><\/p>\n<p>O nome de Par\u00e1 est\u00e1 na lista entregue por Vanderlei Luxemburgo para 2022. O Cruzeiro, com a sa\u00edda do jogador do Peixe, vai intensificar as negocia\u00e7\u00f5es para tentar o acerto com o atleta de 35 anos. A ideia \u00e9 por um v\u00ednculo de dois anos.<\/p>\n<p>O clube mineiro n\u00e3o comenta negocia\u00e7\u00f5es publicamente. A informa\u00e7\u00e3o do interesse cruzeirense foi publicada, inicialmente pela\u00a0Gazeta Esportiva, e confirmada pelo\u00a0ge.<\/p>\n<p>A lateral direita \u00e9 uma posi\u00e7\u00e3o buscada pela Raposa. Uma das op\u00e7\u00f5es de Luxemburgo, em 2021, era Norberto, mas ele n\u00e3o continuar\u00e1. O paraguaio C\u00e1ceres ainda tamb\u00e9m tem situa\u00e7\u00e3o indefinida, apesar de possuir contrato at\u00e9 o fim do pr\u00f3ximo ano.<\/p>\n<p>Par\u00e1 foi pouco utilizado com F\u00e1bio Carille. O jogador n\u00e3o dever\u00e1, sequer, estar dispon\u00edvel contra o Cuiab\u00e1, nesta quinta-feira, pela \u00faltima rodada do Campeonato Brasileiro.<\/p>\n<p>Par\u00e1 est\u00e1 no perfil buscado por Luxemburgo para 2022: experi\u00eancia e acostumado a grandes jogos. O lateral conquistou duas edi\u00e7\u00f5es da Libertadores (2011 e 2019), uma do Brasileir\u00e3o (2019) e duas Copas do Brasil (2004 e 2010). Come\u00e7ou a temporada como titular. Alternou a titularidade e a reserva com Fernando Diniz, mas perdeu espa\u00e7o de vez com Carille. Ele tem 40 jogos, um gol e uma assist\u00eancia na temporada pelo Peixe.<\/p>\n<p>&nbsp;<\/p>\n","protected":false},"excerpt":{"rendered":"<p>O Cruzeiro segue no mercado em busca da montagem do elenco para Vanderlei Luxemburgo. O lateral direito Par\u00e1, atualmente o Santos, negocia com a Raposa para a pr\u00f3xima temporada. O jogador acertou a sa\u00edda do Peixe, com quem tinha v\u00ednculo at\u00e9 o fim de 2022. O nome de Par\u00e1 est\u00e1 na lista entregue por Vanderlei Luxemburgo para 2022. O Cruzeiro, com a sa\u00edda do jogador do Peixe, vai intensificar as negocia\u00e7\u00f5es para tentar o acerto com o atleta de 35 anos. A ideia \u00e9 por um v\u00ednculo de dois anos. O clube mineiro n\u00e3o comenta negocia\u00e7\u00f5es publicamente. A informa\u00e7\u00e3o do [&hellip;]<\/p>\n","protected":false},"author":1,"featured_media":50425,"comment_status":"open","ping_status":"closed","sticky":false,"template":"","format":"standard","meta":{"_links_to":"","_links_to_target":""},"categories":[9,1],"tags":[],"views":1400,"_links":{"self":[{"href":"https:\/\/www.brazilianpress.com\/v1\/wp-json\/wp\/v2\/posts\/50424"}],"collection":[{"href":"https:\/\/www.brazilianpress.com\/v1\/wp-json\/wp\/v2\/posts"}],"about":[{"href":"https:\/\/www.brazilianpress.com\/v1\/wp-json\/wp\/v2\/types\/post"}],"author":[{"embeddable":true,"href":"https:\/\/www.brazilianpress.com\/v1\/wp-json\/wp\/v2\/users\/1"}],"replies":[{"embeddable":true,"href":"https:\/\/www.brazilianpress.com\/v1\/wp-json\/wp\/v2\/comments?post=50424"}],"version-history":[{"count":1,"href":"https:\/\/www.brazilianpress.com\/v1\/wp-json\/wp\/v2\/posts\/50424\/revisions"}],"predecessor-version":[{"id":50426,"href":"https:\/\/www.brazilianpress.com\/v1\/wp-json\/wp\/v2\/posts\/50424\/revisions\/50426"}],"wp:featuredmedia":[{"embeddable":true,"href":"https:\/\/www.brazilianpress.com\/v1\/wp-json\/wp\/v2\/media\/50425"}],"wp:attachment":[{"href":"https:\/\/www.brazilianpress.com\/v1\/wp-json\/wp\/v2\/media?parent=50424"}],"wp:term":[{"taxonomy":"category","embeddable":true,"href":"https:\/\/www.brazilianpress.com\/v1\/wp-json\/wp\/v2\/categories?post=50424"},{"taxonomy":"post_tag","embeddable":true,"href":"https:\/\/www.brazilianpress.com\/v1\/wp-json\/wp\/v2\/tags?post=50424"}],"curies":[{"name":"wp","href":"https:\/\/api.w.org\/{rel}","templated":true}]}}