{"id":50427,"date":"2021-12-11T10:37:10","date_gmt":"2021-12-11T14:37:10","guid":{"rendered":"https:\/\/www.brazilianpress.com\/v1\/?p=50427"},"modified":"2021-12-11T10:37:10","modified_gmt":"2021-12-11T14:37:10","slug":"campeao-brasileiro-cuca-comenta-peso-do-atletico-mg-na-carreira-maior-clube-da-minha-vida","status":"publish","type":"post","link":"https:\/\/www.brazilianpress.com\/v1\/2021\/12\/11\/campeao-brasileiro-cuca-comenta-peso-do-atletico-mg-na-carreira-maior-clube-da-minha-vida\/","title":{"rendered":"Campe\u00e3o brasileiro, Cuca comenta peso do Atl\u00e9tico-MG na carreira: &#8220;Maior clube da minha vida&#8221;"},"content":{"rendered":"<p><strong>A maior conquista da hist\u00f3ria do Atl\u00e9tico-MG foi com Cuca no comando t\u00e9cnico, na Libertadores e, 2013. Alguns anos depois, ele retorna para ser campe\u00e3o brasileiro no clube, quebrando jejum de 49 anos. Imposs\u00edvel n\u00e3o colocar o t\u00e9cnico no topo entre os maiores do Galo. E a rec\u00edproca \u00e9 verdadeira. Cuca n\u00e3o esconde.<\/strong><\/p>\n<p>Com 23 anos na caminhada de treinador, ap\u00f3s ser um bom meia direita com t\u00edtulos importantes, Cuca est\u00e1 na segunda passagem pelo Galo. Na primeira, ficou por duas temporadas completas, al\u00e9m de quatro meses na chegada, em 2011. S\u00e3o mais de 200 jogos como t\u00e9cnico, e cinco ta\u00e7as. S\u00f3 falta uma, a da Copa do Brasil, na qual \u00e9 finalista e enfrentar\u00e1 o Athletico-PR na semana que vem.<\/p>\n<p>&#8211; Al\u00e9m de ser o time que mais trabalhei por mais tempo, estou aqui h\u00e1 tr\u00eas anos e meio, com cinco conquistas, na final de mais uma. Clube que mais me identifiquei. Tiveram outros, l\u00f3gico, com liga\u00e7\u00e3o forte. Mas aqui foi mais. Me lembra a minha vida, o pov\u00e3o que gosto tanto, que \u00e9 a minha origem. Se eu pudesse escolher um lugar para ter \u00eaxito, seria aqui. Estou muito feliz e contente com tudo que aconteceu e que est\u00e1 acontecendo com a gente aqui &#8211; afirmou.<\/p>\n<p>Ap\u00f3s ser campe\u00e3o brasileiro de 2021 na semana passada, quando o Galo venceu o Bahia por virada, Cuca celebrou a conquista ao lado de 60 mil atleticanos, no Mineir\u00e3o, diante do Bragantino (4&#215;3). A euforia do t\u00edtulo o impediu de dar entrevista coletiva. Abriu o microfone para as perguntas de jornalistas nesta semana. Veja outros trechos:<\/p>\n<p>Dedica\u00e7\u00e3o do t\u00edtulo para quem?<\/p>\n<p>&#8211; Eu dedico a todo atleticano, todo o atleticano! Esse que estava no Mineir\u00e3o, que estava em BH, no interior de Minas, no Brasil a fora, l\u00e1 fora no exterior. A todo atleticano eu dedico. N\u00e3o seria justo tirar um fora. Aqueles que me apoiaram, aqueles que n\u00e3o confiaram em mim no come\u00e7o. Que tem alguma ressalva. Temos que entender que temos defeitos, eles tamb\u00e9m tem. E hoje, com certeza, eles me veem com outros olhos.<\/p>\n<p>Momentos doces e azedos do Galo no Brasileiro<\/p>\n<p>&#8211; Momentos foram v\u00e1rios. Come\u00e7ando pelo Fortaleza, desconfian\u00e7a grande, de toda a torcida, perdemos. Mas com o passar dos jogos, a gente atingindo a ponta da tabela, na 15\u00aa rodada, e n\u00e3o largando mais, at\u00e9 o fim. Sendo equipe consistente. Quando perdemos a vaga na final da Libertadores, o jogo seguinte \u00e9 complicado. Voc\u00ea n\u00e3o est\u00e1 com moral elevada, vai ter que provar tudo de volta e torcedor n\u00e3o vem, j\u00e1 vem com desconfian\u00e7a. Aquele jogo contra o Inter \u00e9 complicado. Se tiver rev\u00e9s, pode colocar muita coisa em xeque. Como vencemos o jogo, jogada do Hulk que ele cruza para o Keno antecipar, aquilo nos deu alivio grande, confian\u00e7a subiu. S\u00e3o 16 vit\u00f3rias seguidas em casa, \u00e9 algo raro de acontecer. Um desses fatores para chegar nessa conquista foi chegar a tantos jogos vencendo, for\u00e7a de 90% em casa. Quanto a falar alguma coisa e n\u00e3o poder, n\u00e3o tive nenhum. Quando tivemos que falar, falamos, lavamos a roupa em casa. Gest\u00e3o muito boa com o Rodrigo, com o Victor, Carlos Alberto. Todos ajudam bastante. Est\u00e3o todos de parab\u00e9ns.<\/p>\n<p>&nbsp;<\/p>\n","protected":false},"excerpt":{"rendered":"<p>A maior conquista da hist\u00f3ria do Atl\u00e9tico-MG foi com Cuca no comando t\u00e9cnico, na Libertadores e, 2013. Alguns anos depois, ele retorna para ser campe\u00e3o brasileiro no clube, quebrando jejum de 49 anos. Imposs\u00edvel n\u00e3o colocar o t\u00e9cnico no topo entre os maiores do Galo. E a rec\u00edproca \u00e9 verdadeira. Cuca n\u00e3o esconde. Com 23 anos na caminhada de treinador, ap\u00f3s ser um bom meia direita com t\u00edtulos importantes, Cuca est\u00e1 na segunda passagem pelo Galo. Na primeira, ficou por duas temporadas completas, al\u00e9m de quatro meses na chegada, em 2011. S\u00e3o mais de 200 jogos como t\u00e9cnico, e cinco [&hellip;]<\/p>\n","protected":false},"author":1,"featured_media":50429,"comment_status":"closed","ping_status":"closed","sticky":false,"template":"","format":"standard","meta":{"_links_to":"","_links_to_target":""},"categories":[9,1],"tags":[],"views":954,"_links":{"self":[{"href":"https:\/\/www.brazilianpress.com\/v1\/wp-json\/wp\/v2\/posts\/50427"}],"collection":[{"href":"https:\/\/www.brazilianpress.com\/v1\/wp-json\/wp\/v2\/posts"}],"about":[{"href":"https:\/\/www.brazilianpress.com\/v1\/wp-json\/wp\/v2\/types\/post"}],"author":[{"embeddable":true,"href":"https:\/\/www.brazilianpress.com\/v1\/wp-json\/wp\/v2\/users\/1"}],"replies":[{"embeddable":true,"href":"https:\/\/www.brazilianpress.com\/v1\/wp-json\/wp\/v2\/comments?post=50427"}],"version-history":[{"count":2,"href":"https:\/\/www.brazilianpress.com\/v1\/wp-json\/wp\/v2\/posts\/50427\/revisions"}],"predecessor-version":[{"id":50430,"href":"https:\/\/www.brazilianpress.com\/v1\/wp-json\/wp\/v2\/posts\/50427\/revisions\/50430"}],"wp:featuredmedia":[{"embeddable":true,"href":"https:\/\/www.brazilianpress.com\/v1\/wp-json\/wp\/v2\/media\/50429"}],"wp:attachment":[{"href":"https:\/\/www.brazilianpress.com\/v1\/wp-json\/wp\/v2\/media?parent=50427"}],"wp:term":[{"taxonomy":"category","embeddable":true,"href":"https:\/\/www.brazilianpress.com\/v1\/wp-json\/wp\/v2\/categories?post=50427"},{"taxonomy":"post_tag","embeddable":true,"href":"https:\/\/www.brazilianpress.com\/v1\/wp-json\/wp\/v2\/tags?post=50427"}],"curies":[{"name":"wp","href":"https:\/\/api.w.org\/{rel}","templated":true}]}}