{"id":50431,"date":"2021-12-11T10:38:56","date_gmt":"2021-12-11T14:38:56","guid":{"rendered":"https:\/\/www.brazilianpress.com\/v1\/?p=50431"},"modified":"2021-12-11T10:38:56","modified_gmt":"2021-12-11T14:38:56","slug":"primeiro-estudo-sobre-eficacia-de-vacina-contra-a-omicron-e-divulgado-pela-africa-do-sul-melhor-do-que-esperado","status":"publish","type":"post","link":"https:\/\/www.brazilianpress.com\/v1\/2021\/12\/11\/primeiro-estudo-sobre-eficacia-de-vacina-contra-a-omicron-e-divulgado-pela-africa-do-sul-melhor-do-que-esperado\/","title":{"rendered":"Primeiro estudo sobre efic\u00e1cia de vacina contra a \u00f4micron \u00e9 divulgado pela \u00c1frica do Sul: &#8220;melhor do que esperado&#8221;"},"content":{"rendered":"<p><strong>Os resultados preliminares de um primeiro estudo sobre o efeito de uma das vacinas anticovid diante da variante \u00f4micron foi divulgado na quarta-feira (8), por um renomado centro de pesquisas da \u00c1frica do Sul. Segundo o laborat\u00f3rio, o resultado \u00e9 &#8220;melhor do que esperado&#8221;.<\/strong><\/p>\n<p>O Africa Health Research Institute avaliou a\u00a0efic\u00e1cia do imunizante desenvolvido pelas farmac\u00eauticas Pfizer e BioNTech\u00a0em rela\u00e7\u00e3o \u00e0 nova cepa do coronav\u00edrus, classificada como &#8220;preocupante&#8221; pela Organiza\u00e7\u00e3o Mundial da Sa\u00fade (OMS). Segundo o professor Alex Sigal, que participou da pesquisa, essa vacina demonstrou &#8220;uma forte diminui\u00e7\u00e3o&#8221; na neutraliza\u00e7\u00e3o da variante \u00f4micron.<\/p>\n<p>No entanto, a pesquisa aponta que quem recebeu duas doses do f\u00e1rmaco da Pfizer\/BioNTech ou j\u00e1 foi infectado pelo Sars-CoV-2 tem grandes chances de neutralizar a nova variante. Segundo o laborat\u00f3rio,\u00a0isso sugere que uma dose de refor\u00e7o j\u00e1 pode ajudar a combater a doen\u00e7a.<\/p>\n<p>&#8220;Esses resultados s\u00e3o melhores do que esper\u00e1vamos. Quanto mais voc\u00ea desenvolver anticorpos, mais chances voc\u00ea tem de ser protegido contra a \u00f4micron&#8221;, afirmou Sigal, que publicou detalhes sobre a pesquisa em uma s\u00e9rie de tu\u00edtes.<\/p>\n<p>O professor tamb\u00e9m ressaltou que, at\u00e9 o momento, o laborat\u00f3rio n\u00e3o estudou os efeitos da terceira inje\u00e7\u00e3o de refor\u00e7o em rela\u00e7\u00e3o \u00e0 \u00f4micron, j\u00e1 que ainda n\u00e3o est\u00e1 sendo administrada na \u00c1frica do Sul.<\/p>\n","protected":false},"excerpt":{"rendered":"<p>Os resultados preliminares de um primeiro estudo sobre o efeito de uma das vacinas anticovid diante da variante \u00f4micron foi divulgado na quarta-feira (8), por um renomado centro de pesquisas da \u00c1frica do Sul. Segundo o laborat\u00f3rio, o resultado \u00e9 &#8220;melhor do que esperado&#8221;. O Africa Health Research Institute avaliou a\u00a0efic\u00e1cia do imunizante desenvolvido pelas farmac\u00eauticas Pfizer e BioNTech\u00a0em rela\u00e7\u00e3o \u00e0 nova cepa do coronav\u00edrus, classificada como &#8220;preocupante&#8221; pela Organiza\u00e7\u00e3o Mundial da Sa\u00fade (OMS). Segundo o professor Alex Sigal, que participou da pesquisa, essa vacina demonstrou &#8220;uma forte diminui\u00e7\u00e3o&#8221; na neutraliza\u00e7\u00e3o da variante \u00f4micron. No entanto, a pesquisa aponta que [&hellip;]<\/p>\n","protected":false},"author":1,"featured_media":46534,"comment_status":"open","ping_status":"closed","sticky":false,"template":"","format":"standard","meta":{"_links_to":"","_links_to_target":""},"categories":[8,1],"tags":[],"views":1055,"_links":{"self":[{"href":"https:\/\/www.brazilianpress.com\/v1\/wp-json\/wp\/v2\/posts\/50431"}],"collection":[{"href":"https:\/\/www.brazilianpress.com\/v1\/wp-json\/wp\/v2\/posts"}],"about":[{"href":"https:\/\/www.brazilianpress.com\/v1\/wp-json\/wp\/v2\/types\/post"}],"author":[{"embeddable":true,"href":"https:\/\/www.brazilianpress.com\/v1\/wp-json\/wp\/v2\/users\/1"}],"replies":[{"embeddable":true,"href":"https:\/\/www.brazilianpress.com\/v1\/wp-json\/wp\/v2\/comments?post=50431"}],"version-history":[{"count":1,"href":"https:\/\/www.brazilianpress.com\/v1\/wp-json\/wp\/v2\/posts\/50431\/revisions"}],"predecessor-version":[{"id":50432,"href":"https:\/\/www.brazilianpress.com\/v1\/wp-json\/wp\/v2\/posts\/50431\/revisions\/50432"}],"wp:featuredmedia":[{"embeddable":true,"href":"https:\/\/www.brazilianpress.com\/v1\/wp-json\/wp\/v2\/media\/46534"}],"wp:attachment":[{"href":"https:\/\/www.brazilianpress.com\/v1\/wp-json\/wp\/v2\/media?parent=50431"}],"wp:term":[{"taxonomy":"category","embeddable":true,"href":"https:\/\/www.brazilianpress.com\/v1\/wp-json\/wp\/v2\/categories?post=50431"},{"taxonomy":"post_tag","embeddable":true,"href":"https:\/\/www.brazilianpress.com\/v1\/wp-json\/wp\/v2\/tags?post=50431"}],"curies":[{"name":"wp","href":"https:\/\/api.w.org\/{rel}","templated":true}]}}