{"id":50436,"date":"2021-12-11T10:44:11","date_gmt":"2021-12-11T14:44:11","guid":{"rendered":"https:\/\/www.brazilianpress.com\/v1\/?p=50436"},"modified":"2021-12-11T10:44:11","modified_gmt":"2021-12-11T14:44:11","slug":"setor-privado-de-new-york-tera-vacinacao-obrigatoria-anuncia-bill-de-blasio","status":"publish","type":"post","link":"https:\/\/www.brazilianpress.com\/v1\/2021\/12\/11\/setor-privado-de-new-york-tera-vacinacao-obrigatoria-anuncia-bill-de-blasio\/","title":{"rendered":"Setor privado de New York ter\u00e1 vacina\u00e7\u00e3o obrigat\u00f3ria, anuncia Bill de Blasio"},"content":{"rendered":"<p><strong>O prefeito de New York, Bill de Blasio, anunciou na segunda-feira (6) que todos os funcion\u00e1rios do setor privado na cidade mais populosa do pa\u00eds ser\u00e3o submetidos a uma vacina\u00e7\u00e3o obrigat\u00f3ria contra o coronav\u00edrus a partir de 27 de dezembro.<\/strong><\/p>\n<p>O prefeito vai, desta maneira, mais longe que o presidente Joe Biden, cuja ordem de vacina\u00e7\u00e3o obrigat\u00f3ria, que deveria entrar em vigor em 4 de janeiro, mas est\u00e1 atualmente suspensa pela justi\u00e7a, envolvia apenas os trabalhadores das empresas com mais de 100 funcion\u00e1rios.<\/p>\n<p>De Blasio destacou que todos os &#8220;trabalhadores do setor privado de New York est\u00e3o sujeitos \u00e0 obriga\u00e7\u00e3o de se vacinarem a partir de 27 de dezembro&#8221;, o que afeta quase 184.000 empresas e com\u00e9rcios.<\/p>\n<p>As crian\u00e7as tamb\u00e9m n\u00e3o foram poupadas. A partir de 14 de dezembro, aqueles entre 5 e 11 anos que quiserem participar de atividades extracurriculares de alto risco como atividades esportivas, bandas, orquestras e dan\u00e7a, ter\u00e3o que ter recebido ao menos uma dose da vacina.<\/p>\n<p>A partir de 27 de dezembro, todos os maiores de 12 anos &#8220;ter\u00e3o que mostrar as duas doses da vacina&#8221; para poderem entrar em lugares p\u00fablicos como restaurantes e teatros, destacou. &#8220;Acredito que \u00e9 uma boa ideia (&#8230;) para o bem comum&#8221;, declarou \u00e0 AFP Sarah Dejam (de 30 anos), que trabalha no setor jur\u00eddico. &#8220;Muita gente pega este v\u00edrus, mesmo com a vacina&#8221;, justificou.<\/p>\n<p>J\u00e1 outros n\u00e3o est\u00e3o de acordo com as medidas do prefeito impopular, que ser\u00e1 substitu\u00eddo em 1\u00ba de janeiro por Eric Adams, eleito em novembro. &#8220;Me surpreende que nosso prefeito use um recurso t\u00e3o brutal, que ignora nossas tradi\u00e7\u00f5es&#8221; de prote\u00e7\u00e3o da liberdade individual, comentou Jeff Bollerman, um homem de aproximadamente 40 anos que trabalha no setor financeiro local.<\/p>\n<p>Fortemente afetada pela primeira onda da pandemia, New York quer evitar ver de novo as imagens insuport\u00e1veis de necrot\u00e9rios improvisados, a economia totalmente paralisada e a cidade fechada em confinamento. Ao menos 34.000 pessoas morreram pelo coronav\u00edrus na cidade. As autoridades locais j\u00e1 obrigaram a vacina\u00e7\u00e3o primeiro para professores e profissionais da sa\u00fade. Desde 1\u00b0 de novembro a obriga\u00e7\u00e3o foi ampliada para todos os trabalhadores municipais, incluindo a pol\u00edcia, onde havia mais resist\u00eancia, sob pena de perder o emprego.<\/p>\n<p>O resultado desta pol\u00edtica de press\u00e3o \u00e9 que at\u00e9 o momento 94% dos trabalhadores do munic\u00edpio est\u00e3o vacinados e 89% dos adultos e mais de 125.000 menores de entre 5 e 12 anos receberam ao menos a primeira dose de alguma das vacinas dispon\u00edveis. Atualmente, n\u00e3o \u00e9 permitido entrar em nenhum restaurante, teatro ou cinema sem o certificado de vacina\u00e7\u00e3o. O documento tamb\u00e9m \u00e9 exigido em muitos com\u00e9rcios. A cidade se prepara para a presen\u00e7a confirmada da variante \u00f4micron do coronavirus \u00e0s v\u00e9speras do Natal, momento em que as ruas se enchem de pessoas, os turistas est\u00e3o de volta e o fervor consumista est\u00e1 em plena ebuli\u00e7\u00e3o.<\/p>\n<p>Al\u00e9m de New York, quinze estados confirmaram a presen\u00e7a da altamente contagiosa variante \u00f4micron. Em plena recupera\u00e7\u00e3o econ\u00f4mica e em um pa\u00eds profundamente dividido, a administra\u00e7\u00e3o central enfrenta a resist\u00eancia de muitos americanos a se vacinarem para frear a progress\u00e3o do v\u00edrus. Cerca de 40% do pa\u00eds ainda n\u00e3o est\u00e1 completamente vacinado e cerca de 110 milh\u00f5es de pessoas n\u00e3o receberam nenhuma dose.<\/p>\n<p>&nbsp;<\/p>\n","protected":false},"excerpt":{"rendered":"<p>O prefeito de New York, Bill de Blasio, anunciou na segunda-feira (6) que todos os funcion\u00e1rios do setor privado na cidade mais populosa do pa\u00eds ser\u00e3o submetidos a uma vacina\u00e7\u00e3o obrigat\u00f3ria contra o coronav\u00edrus a partir de 27 de dezembro. O prefeito vai, desta maneira, mais longe que o presidente Joe Biden, cuja ordem de vacina\u00e7\u00e3o obrigat\u00f3ria, que deveria entrar em vigor em 4 de janeiro, mas est\u00e1 atualmente suspensa pela justi\u00e7a, envolvia apenas os trabalhadores das empresas com mais de 100 funcion\u00e1rios. De Blasio destacou que todos os &#8220;trabalhadores do setor privado de New York est\u00e3o sujeitos \u00e0 obriga\u00e7\u00e3o [&hellip;]<\/p>\n","protected":false},"author":1,"featured_media":43065,"comment_status":"open","ping_status":"closed","sticky":false,"template":"","format":"standard","meta":{"_links_to":"","_links_to_target":""},"categories":[4,3,1],"tags":[],"views":986,"_links":{"self":[{"href":"https:\/\/www.brazilianpress.com\/v1\/wp-json\/wp\/v2\/posts\/50436"}],"collection":[{"href":"https:\/\/www.brazilianpress.com\/v1\/wp-json\/wp\/v2\/posts"}],"about":[{"href":"https:\/\/www.brazilianpress.com\/v1\/wp-json\/wp\/v2\/types\/post"}],"author":[{"embeddable":true,"href":"https:\/\/www.brazilianpress.com\/v1\/wp-json\/wp\/v2\/users\/1"}],"replies":[{"embeddable":true,"href":"https:\/\/www.brazilianpress.com\/v1\/wp-json\/wp\/v2\/comments?post=50436"}],"version-history":[{"count":1,"href":"https:\/\/www.brazilianpress.com\/v1\/wp-json\/wp\/v2\/posts\/50436\/revisions"}],"predecessor-version":[{"id":50437,"href":"https:\/\/www.brazilianpress.com\/v1\/wp-json\/wp\/v2\/posts\/50436\/revisions\/50437"}],"wp:featuredmedia":[{"embeddable":true,"href":"https:\/\/www.brazilianpress.com\/v1\/wp-json\/wp\/v2\/media\/43065"}],"wp:attachment":[{"href":"https:\/\/www.brazilianpress.com\/v1\/wp-json\/wp\/v2\/media?parent=50436"}],"wp:term":[{"taxonomy":"category","embeddable":true,"href":"https:\/\/www.brazilianpress.com\/v1\/wp-json\/wp\/v2\/categories?post=50436"},{"taxonomy":"post_tag","embeddable":true,"href":"https:\/\/www.brazilianpress.com\/v1\/wp-json\/wp\/v2\/tags?post=50436"}],"curies":[{"name":"wp","href":"https:\/\/api.w.org\/{rel}","templated":true}]}}