{"id":50476,"date":"2021-12-16T17:36:08","date_gmt":"2021-12-16T21:36:08","guid":{"rendered":"https:\/\/www.brazilianpress.com\/v1\/?p=50476"},"modified":"2021-12-16T17:36:08","modified_gmt":"2021-12-16T21:36:08","slug":"funcionarios-da-seguranca-do-aeroporto-de-newark-encontram-municao-em-barra-de-sabao","status":"publish","type":"post","link":"https:\/\/www.brazilianpress.com\/v1\/2021\/12\/16\/funcionarios-da-seguranca-do-aeroporto-de-newark-encontram-municao-em-barra-de-sabao\/","title":{"rendered":"Funcion\u00e1rios da Seguran\u00e7a do aeroporto de Newark encontram muni\u00e7\u00e3o em barra de sab\u00e3o"},"content":{"rendered":"<p><strong>Funcion\u00e1rios da Administra\u00e7\u00e3o de Seguran\u00e7a de Transporte descobriram uma arma de fogo presa com fita adesiva e enrolada em uma bandagem na segunda-feira, junto com muni\u00e7\u00e3o escondida dentro de uma barra de sab\u00e3o oca em uma mala despachada por um homem no Aeroporto Internacional Newark Liberty.\u00a0<\/strong><\/p>\n<p>O homem, que \u00e9 um residente de Chester, Pensilv\u00e2nia, disse \u00e0s autoridades que um parente morto lhe entregou a arma e que ele planejava lev\u00e1-la para Lagos, Nig\u00e9ria, de acordo com um comunicado da TSA.<\/p>\n<p>&#8220;Este indiv\u00edduo sabia o que estava em sua mala despachada e deliberadamente tentou esconder a arma e a muni\u00e7\u00e3o para lev\u00e1-los para o exterior&#8221;, disse Thomas Carter, diretor de seguran\u00e7a federal da TSA em Nova Jersey.<\/p>\n<p>Funcion\u00e1rios da TSA alertaram a pol\u00edcia da Autoridade Portu\u00e1ria.\u00a0O homem foi chamado ao balc\u00e3o de check-in de uma companhia a\u00e9rea antes de ser preso por porte de arma, disseram as autoridades.<\/p>\n<p>&#8220;Al\u00e9m de verificar a bagagem de m\u00e3o, os oficiais da TSA tamb\u00e9m verificam toda a bagagem despachada antes de ser autorizada a embarcar em um avi\u00e3o&#8221;, acrescentou Carter.\u00a0&#8220;Esta foi uma boa captura feita pelos nossos oficiais.&#8221;<\/p>\n<p>Agentes da TSA apreenderam 5.674 armas em todo o pa\u00eds este ano, um total recorde para a ag\u00eancia.<\/p>\n<p>Na semana passada, promotores federais acusaram um criminoso condenado da Ge\u00f3rgia por crimes relacionados a armas depois que as autoridades disseram que ele tentou passar uma arma carregada pela seguran\u00e7a do aeroporto de Newark.<\/p>\n","protected":false},"excerpt":{"rendered":"<p>Funcion\u00e1rios da Administra\u00e7\u00e3o de Seguran\u00e7a de Transporte descobriram uma arma de fogo presa com fita adesiva e enrolada em uma bandagem na segunda-feira, junto com muni\u00e7\u00e3o escondida dentro de uma barra de sab\u00e3o oca em uma mala despachada por um homem no Aeroporto Internacional Newark Liberty.\u00a0 O homem, que \u00e9 um residente de Chester, Pensilv\u00e2nia, disse \u00e0s autoridades que um parente morto lhe entregou a arma e que ele planejava lev\u00e1-la para Lagos, Nig\u00e9ria, de acordo com um comunicado da TSA. &#8220;Este indiv\u00edduo sabia o que estava em sua mala despachada e deliberadamente tentou esconder a arma e a muni\u00e7\u00e3o [&hellip;]<\/p>\n","protected":false},"author":1,"featured_media":50477,"comment_status":"open","ping_status":"closed","sticky":false,"template":"","format":"standard","meta":{"_links_to":"","_links_to_target":""},"categories":[4,3,1],"tags":[],"views":1154,"_links":{"self":[{"href":"https:\/\/www.brazilianpress.com\/v1\/wp-json\/wp\/v2\/posts\/50476"}],"collection":[{"href":"https:\/\/www.brazilianpress.com\/v1\/wp-json\/wp\/v2\/posts"}],"about":[{"href":"https:\/\/www.brazilianpress.com\/v1\/wp-json\/wp\/v2\/types\/post"}],"author":[{"embeddable":true,"href":"https:\/\/www.brazilianpress.com\/v1\/wp-json\/wp\/v2\/users\/1"}],"replies":[{"embeddable":true,"href":"https:\/\/www.brazilianpress.com\/v1\/wp-json\/wp\/v2\/comments?post=50476"}],"version-history":[{"count":1,"href":"https:\/\/www.brazilianpress.com\/v1\/wp-json\/wp\/v2\/posts\/50476\/revisions"}],"predecessor-version":[{"id":50478,"href":"https:\/\/www.brazilianpress.com\/v1\/wp-json\/wp\/v2\/posts\/50476\/revisions\/50478"}],"wp:featuredmedia":[{"embeddable":true,"href":"https:\/\/www.brazilianpress.com\/v1\/wp-json\/wp\/v2\/media\/50477"}],"wp:attachment":[{"href":"https:\/\/www.brazilianpress.com\/v1\/wp-json\/wp\/v2\/media?parent=50476"}],"wp:term":[{"taxonomy":"category","embeddable":true,"href":"https:\/\/www.brazilianpress.com\/v1\/wp-json\/wp\/v2\/categories?post=50476"},{"taxonomy":"post_tag","embeddable":true,"href":"https:\/\/www.brazilianpress.com\/v1\/wp-json\/wp\/v2\/tags?post=50476"}],"curies":[{"name":"wp","href":"https:\/\/api.w.org\/{rel}","templated":true}]}}