{"id":50487,"date":"2021-12-19T09:40:55","date_gmt":"2021-12-19T13:40:55","guid":{"rendered":"https:\/\/www.brazilianpress.com\/v1\/?p=50487"},"modified":"2021-12-19T09:40:55","modified_gmt":"2021-12-19T13:40:55","slug":"atencao-omicron-sera-a-variante-predominante-nos-eua-ja-nas-proximas-semanas-diz-cdc","status":"publish","type":"post","link":"https:\/\/www.brazilianpress.com\/v1\/2021\/12\/19\/atencao-omicron-sera-a-variante-predominante-nos-eua-ja-nas-proximas-semanas-diz-cdc\/","title":{"rendered":"Aten\u00e7\u00e3o: \u00d4micron ser\u00e1 a variante predominante nos EUA j\u00e1 nas pr\u00f3ximas semanas, diz CDC"},"content":{"rendered":"<p><strong>A variante \u00d4micron ser\u00e1 a predominante do coronav\u00edrus nos Estados Unidos em poucas semanas, afirmou nesta sexta-feira (17) a diretora dos Centros de Controle e Preven\u00e7\u00e3o de Doen\u00e7as (CDC), Rochelle Walensky.<\/strong><\/p>\n<p>&#8220;Esperamos que se torne a cepa predominante nos Estados Unidos, tal como em outros pa\u00edses, nas pr\u00f3ximas semanas&#8221;, projetou, ao frisar que at\u00e9 agora a \u00f4micron foi detectada em 39 estados americanos e em 75 pa\u00edses.<\/p>\n<p><img src=\"https:\/\/www.usnews.com\/dims4\/USNEWS\/c6d6225\/2147483647\/thumbnail\/640x420\/quality\/85\/?url=http%3A%2F%2Fmedia.beam.usnews.com%2Fe1%2F3484e0ec9d7d1a6e971a0824721b6e%2Ftag%3Areuters.com%2C2021%3Anewsml_LYNXMPEH3Q13A%3A22021-04-27T191727Z_2_LYNXMPEH3Q13A_RTROPTP_3_HEALTH-CORONAVIRUS-USA.JPG\" alt=\"U.S. CDC Has Not Seen Link Between Heart Inflammation and COVID-19 Vaccines  | Top News | US News\" \/><\/p>\n<p>Em entrevista coletiva, segundo o UOL, Walensky disse que &#8220;embora a Delta continue circulando amplamente pelos EUA, a \u00f4micron est\u00e1 aumentando rapidamente&#8221;. Ela acrescentou que os EUA est\u00e3o registrando casos de infec\u00e7\u00f5es de \u00d4micron tanto em pessoas com o ciclo vacinal completo contra a Covid-19 como naquelas que receberam a dose de refor\u00e7o, mas observou que estes casos &#8220;s\u00e3o mais suaves ou assintom\u00e1ticos devido \u00e0 prote\u00e7\u00e3o da vacina&#8221;.<\/p>\n","protected":false},"excerpt":{"rendered":"<p>A variante \u00d4micron ser\u00e1 a predominante do coronav\u00edrus nos Estados Unidos em poucas semanas, afirmou nesta sexta-feira (17) a diretora dos Centros de Controle e Preven\u00e7\u00e3o de Doen\u00e7as (CDC), Rochelle Walensky. &#8220;Esperamos que se torne a cepa predominante nos Estados Unidos, tal como em outros pa\u00edses, nas pr\u00f3ximas semanas&#8221;, projetou, ao frisar que at\u00e9 agora a \u00f4micron foi detectada em 39 estados americanos e em 75 pa\u00edses. Em entrevista coletiva, segundo o UOL, Walensky disse que &#8220;embora a Delta continue circulando amplamente pelos EUA, a \u00f4micron est\u00e1 aumentando rapidamente&#8221;. Ela acrescentou que os EUA est\u00e3o registrando casos de infec\u00e7\u00f5es de [&hellip;]<\/p>\n","protected":false},"author":1,"featured_media":50488,"comment_status":"open","ping_status":"closed","sticky":false,"template":"","format":"standard","meta":{"_links_to":"","_links_to_target":""},"categories":[3,1,10],"tags":[],"views":1160,"_links":{"self":[{"href":"https:\/\/www.brazilianpress.com\/v1\/wp-json\/wp\/v2\/posts\/50487"}],"collection":[{"href":"https:\/\/www.brazilianpress.com\/v1\/wp-json\/wp\/v2\/posts"}],"about":[{"href":"https:\/\/www.brazilianpress.com\/v1\/wp-json\/wp\/v2\/types\/post"}],"author":[{"embeddable":true,"href":"https:\/\/www.brazilianpress.com\/v1\/wp-json\/wp\/v2\/users\/1"}],"replies":[{"embeddable":true,"href":"https:\/\/www.brazilianpress.com\/v1\/wp-json\/wp\/v2\/comments?post=50487"}],"version-history":[{"count":1,"href":"https:\/\/www.brazilianpress.com\/v1\/wp-json\/wp\/v2\/posts\/50487\/revisions"}],"predecessor-version":[{"id":50489,"href":"https:\/\/www.brazilianpress.com\/v1\/wp-json\/wp\/v2\/posts\/50487\/revisions\/50489"}],"wp:featuredmedia":[{"embeddable":true,"href":"https:\/\/www.brazilianpress.com\/v1\/wp-json\/wp\/v2\/media\/50488"}],"wp:attachment":[{"href":"https:\/\/www.brazilianpress.com\/v1\/wp-json\/wp\/v2\/media?parent=50487"}],"wp:term":[{"taxonomy":"category","embeddable":true,"href":"https:\/\/www.brazilianpress.com\/v1\/wp-json\/wp\/v2\/categories?post=50487"},{"taxonomy":"post_tag","embeddable":true,"href":"https:\/\/www.brazilianpress.com\/v1\/wp-json\/wp\/v2\/tags?post=50487"}],"curies":[{"name":"wp","href":"https:\/\/api.w.org\/{rel}","templated":true}]}}