{"id":50503,"date":"2021-12-21T14:27:10","date_gmt":"2021-12-21T18:27:10","guid":{"rendered":"https:\/\/www.brazilianpress.com\/v1\/?p=50503"},"modified":"2021-12-21T14:27:10","modified_gmt":"2021-12-21T18:27:10","slug":"homem-nao-vacinado-e-o-primeiro-morto-por-omicron-nos-eua-governo-biden-anuncia-medidas","status":"publish","type":"post","link":"https:\/\/www.brazilianpress.com\/v1\/2021\/12\/21\/homem-nao-vacinado-e-o-primeiro-morto-por-omicron-nos-eua-governo-biden-anuncia-medidas\/","title":{"rendered":"Homem n\u00e3o-vacinado \u00e9 o primeiro morto por \u00f4micron nos EUA. Governo Biden anuncia medidas"},"content":{"rendered":"<p><strong>Um homem que n\u00e3o foi vacinado contra o coronav\u00edrus \u00e9 a primeira morte oficial pela variante \u00d4micron nos EUA. Natural de Houston, no Texas, o homem tinha em torno de 50 anos de idade e testou positivo para a variante pouco antes de morrer. Autoridades locais confirmaram que se trata da primeira morte por \u00d4micron no pa\u00eds.<\/strong><\/p>\n<p>Segundo a revista People, al\u00e9m de n\u00e3o ter tomado nenhuma dose do imunizante contra o v\u00edrus, o homem tamb\u00e9m tinha condi\u00e7\u00f5es pr\u00e9-existentes e j\u00e1 tinha sido diagnosticado com covid-19 uma outra vez. &#8220;Nossos pensamentos e ora\u00e7\u00f5es est\u00e3o com a fam\u00edlia do paciente e n\u00f3s oferecemos nossa profunda empatia&#8221;, declarou Barbie Robinson, diretora executiva do Harris County Public Health, em comunicado \u00e0 imprensa. Ela aproveitou para enfatizar a necessidade da vacina para prevenir quadros graves e mortes por covid-19.<\/p>\n<p><img src=\"https:\/\/i.guim.co.uk\/img\/media\/d2150dc1da1652e8df7e0a899973ae8ce6e06255\/0_163_4896_2938\/master\/4896.jpg?width=465&amp;quality=45&amp;auto=format&amp;fit=max&amp;dpr=2&amp;s=ca95ca1d53e233d7661adda3ed1d77bb\" alt=\"Omicron is now dominant Covid-19 variant in US, officials say | Coronavirus  | The Guardian\" \/><\/p>\n<p>&#8220;Isto \u00e9 um lembrete da severidade da covid-19 e suas variantes. N\u00f3s incitamos todos os residentes qualificados a se vacinarem e tomarem suas doses de refor\u00e7o se ainda n\u00e3o o fizeram&#8221;, completou. No condado de Harris, no Texas, apenas 58,7% da popula\u00e7\u00e3o est\u00e1 totalmente vacinada contra a covid-19, de acordo com o Departamento de Servi\u00e7os de Sa\u00fade do Texas. A variante \u00d4micron foi detectada nos EUA no dia 1 de dezembro e j\u00e1 se tornou a variante dominante no pa\u00eds, contabilizando 73% de todos os casos no pa\u00eds entre 12 e 18 de dezembro, de acordo com o Centro de Controle de Doen\u00e7as na segunda-feira (20). Na semana anterior, a variante representava apenas 12% dos novos casos de covid.<\/p>\n<p><img src=\"https:\/\/media.gazetadopovo.com.br\/2021\/12\/17110847\/8013952630001w-900x540.jpg\" alt=\"Joe Biden\" \/><\/p>\n<p><strong>Novas ordens do Governo Biden contra a \u00f4micron<\/strong><\/p>\n<p>O governo dos Estados Unidos anunciou nesta ter\u00e7a-feira (21) novas medidas para conter o avan\u00e7o da variante \u00d4micron no pa\u00eds. As medidas que a administra\u00e7\u00e3o democrata pretende implantar incluem o aumento da ajuda dos militares nos hospitais, amplia\u00e7\u00e3o dos locais de vacina\u00e7\u00e3o contra a Covid-19 e a compra de meio bilh\u00e3o de testes r\u00e1pidos. Os testes ser\u00e3o enviados aos americanos de forma gratuita e poder\u00e3o ser solicitados por meio de um site do governo. A variante \u00d4micron \u00e9 a variante mais dominante da Covid-19 nos Estados Unidos, sendo respons\u00e1vel por 73% dos casos de coronav\u00edrus do pa\u00eds.<\/p>\n","protected":false},"excerpt":{"rendered":"<p>Um homem que n\u00e3o foi vacinado contra o coronav\u00edrus \u00e9 a primeira morte oficial pela variante \u00d4micron nos EUA. Natural de Houston, no Texas, o homem tinha em torno de 50 anos de idade e testou positivo para a variante pouco antes de morrer. Autoridades locais confirmaram que se trata da primeira morte por \u00d4micron no pa\u00eds. Segundo a revista People, al\u00e9m de n\u00e3o ter tomado nenhuma dose do imunizante contra o v\u00edrus, o homem tamb\u00e9m tinha condi\u00e7\u00f5es pr\u00e9-existentes e j\u00e1 tinha sido diagnosticado com covid-19 uma outra vez. &#8220;Nossos pensamentos e ora\u00e7\u00f5es est\u00e3o com a fam\u00edlia do paciente e [&hellip;]<\/p>\n","protected":false},"author":1,"featured_media":50504,"comment_status":"open","ping_status":"closed","sticky":false,"template":"","format":"standard","meta":{"_links_to":"","_links_to_target":""},"categories":[3,1,10],"tags":[],"views":1217,"_links":{"self":[{"href":"https:\/\/www.brazilianpress.com\/v1\/wp-json\/wp\/v2\/posts\/50503"}],"collection":[{"href":"https:\/\/www.brazilianpress.com\/v1\/wp-json\/wp\/v2\/posts"}],"about":[{"href":"https:\/\/www.brazilianpress.com\/v1\/wp-json\/wp\/v2\/types\/post"}],"author":[{"embeddable":true,"href":"https:\/\/www.brazilianpress.com\/v1\/wp-json\/wp\/v2\/users\/1"}],"replies":[{"embeddable":true,"href":"https:\/\/www.brazilianpress.com\/v1\/wp-json\/wp\/v2\/comments?post=50503"}],"version-history":[{"count":1,"href":"https:\/\/www.brazilianpress.com\/v1\/wp-json\/wp\/v2\/posts\/50503\/revisions"}],"predecessor-version":[{"id":50505,"href":"https:\/\/www.brazilianpress.com\/v1\/wp-json\/wp\/v2\/posts\/50503\/revisions\/50505"}],"wp:featuredmedia":[{"embeddable":true,"href":"https:\/\/www.brazilianpress.com\/v1\/wp-json\/wp\/v2\/media\/50504"}],"wp:attachment":[{"href":"https:\/\/www.brazilianpress.com\/v1\/wp-json\/wp\/v2\/media?parent=50503"}],"wp:term":[{"taxonomy":"category","embeddable":true,"href":"https:\/\/www.brazilianpress.com\/v1\/wp-json\/wp\/v2\/categories?post=50503"},{"taxonomy":"post_tag","embeddable":true,"href":"https:\/\/www.brazilianpress.com\/v1\/wp-json\/wp\/v2\/tags?post=50503"}],"curies":[{"name":"wp","href":"https:\/\/api.w.org\/{rel}","templated":true}]}}