{"id":50508,"date":"2021-12-22T15:04:35","date_gmt":"2021-12-22T19:04:35","guid":{"rendered":"https:\/\/www.brazilianpress.com\/v1\/?p=50508"},"modified":"2021-12-22T15:04:35","modified_gmt":"2021-12-22T19:04:35","slug":"governo-dos-eua-descobre-rede-de-apoiadores-a-al-qaeda-no-brasil","status":"publish","type":"post","link":"https:\/\/www.brazilianpress.com\/v1\/2021\/12\/22\/governo-dos-eua-descobre-rede-de-apoiadores-a-al-qaeda-no-brasil\/","title":{"rendered":"Governo dos EUA descobre rede de apoiadores \u00e0 Al-Qaeda no Brasil"},"content":{"rendered":"<p><strong>O governo dos Estados Unidos anunciou que identificou uma &#8220;rede brasileira de indiv\u00edduos afiliados&#8221; \u00e0 Al-Qaeda, grupo terrorista liderado por Osama Bin Laden (morto pelos EUA em 2011) que ficou conhecido por ser o autor dos ataques \u00e0s Torres G\u00eameas, em Nova York, no dia 11 de setembro de 2001.<\/strong><\/p>\n<p>A informa\u00e7\u00e3o foi dada pelo Departamento do Tesouro dos Estados Unidos nesta quarta-feira (22). Segundo a Embaixada dos EUA no Brasil, os nomes foram inseridos em uma &#8220;lista de san\u00e7\u00f5es&#8221;. Em nota, a representa\u00e7\u00e3o do governo do presidente Joe Biden cita quatro pessoas e duas empresas sediadas em S\u00e3o Paulo. Um dos suspeitos \u00e9 um cidad\u00e3o \u00e1rabe que teria chegado ao Brasil em 2015.<\/p>\n<p>Investiga\u00e7\u00f5es apontam que o suposto indiv\u00edduo mantinha contato e fazia neg\u00f3cios para compra de moeda estrangeira de um outro suspeito filiado \u00e0 Al-Qaeda no Brasil. Al\u00e9m disso, a investiga\u00e7\u00e3o tamb\u00e9m indica que o outro suspeito &#8220;desempenhou um papel significativo em um grupo afiliado \u00e0 Al-Qaeda, sediado no Brasil, e estava envolvido na impress\u00e3o de moeda falsa&#8221;. Segundo a Embaixada, a pena ser\u00e1 o bloqueio de &#8220;todos os bens e interesses em propriedade dos indiv\u00edduos e entidades (&#8230;) que estejam nos EUA ou na posse ou controle de indiv\u00edduos norte-americanos&#8221;.<\/p>\n<p>&#8220;A menos que autorizado por uma licen\u00e7a geral ou espec\u00edfica emitida pela OFAC [Escrit\u00f3rio de Controle de Ativos Estrangeiros] ou de outra forma isenta, os regulamentos geralmente pro\u00edbem todas as transa\u00e7\u00f5es efetuadas por norte-americanos, dentro ou fora dos EUA, incluindo transa\u00e7\u00f5es que transitam nos EUA, que envolvam qualquer propriedade ou interesse em propriedade de pessoas designadas ou bloqueadas&#8221;, diz trecho da nota. &#8220;As designa\u00e7\u00f5es de hoje ajudar\u00e3o a negar o acesso da Al-Qaeda ao setor financeiro formal para gerar receita para apoiar suas atividades&#8221;, declarou Andrea Gacki, diretora do Escrit\u00f3rio de Controle de Ativos Estrangeiros. &#8220;As atividades desta rede sediada no Brasil demonstram que a Al-Qaeda continua sendo uma amea\u00e7a terrorista global generalizada&#8221;, completou. A Al-Qaeda \u00e9 uma organiza\u00e7\u00e3o fundamentalista isl\u00e2mica internacional, que atua em ataques terroristas que deixou milhares de v\u00edtimas pelo mundo.<\/p>\n","protected":false},"excerpt":{"rendered":"<p>O governo dos Estados Unidos anunciou que identificou uma &#8220;rede brasileira de indiv\u00edduos afiliados&#8221; \u00e0 Al-Qaeda, grupo terrorista liderado por Osama Bin Laden (morto pelos EUA em 2011) que ficou conhecido por ser o autor dos ataques \u00e0s Torres G\u00eameas, em Nova York, no dia 11 de setembro de 2001. A informa\u00e7\u00e3o foi dada pelo Departamento do Tesouro dos Estados Unidos nesta quarta-feira (22). Segundo a Embaixada dos EUA no Brasil, os nomes foram inseridos em uma &#8220;lista de san\u00e7\u00f5es&#8221;. Em nota, a representa\u00e7\u00e3o do governo do presidente Joe Biden cita quatro pessoas e duas empresas sediadas em S\u00e3o Paulo. [&hellip;]<\/p>\n","protected":false},"author":1,"featured_media":50509,"comment_status":"open","ping_status":"closed","sticky":false,"template":"","format":"standard","meta":{"_links_to":"","_links_to_target":""},"categories":[3,1,10],"tags":[],"views":1061,"_links":{"self":[{"href":"https:\/\/www.brazilianpress.com\/v1\/wp-json\/wp\/v2\/posts\/50508"}],"collection":[{"href":"https:\/\/www.brazilianpress.com\/v1\/wp-json\/wp\/v2\/posts"}],"about":[{"href":"https:\/\/www.brazilianpress.com\/v1\/wp-json\/wp\/v2\/types\/post"}],"author":[{"embeddable":true,"href":"https:\/\/www.brazilianpress.com\/v1\/wp-json\/wp\/v2\/users\/1"}],"replies":[{"embeddable":true,"href":"https:\/\/www.brazilianpress.com\/v1\/wp-json\/wp\/v2\/comments?post=50508"}],"version-history":[{"count":1,"href":"https:\/\/www.brazilianpress.com\/v1\/wp-json\/wp\/v2\/posts\/50508\/revisions"}],"predecessor-version":[{"id":50510,"href":"https:\/\/www.brazilianpress.com\/v1\/wp-json\/wp\/v2\/posts\/50508\/revisions\/50510"}],"wp:featuredmedia":[{"embeddable":true,"href":"https:\/\/www.brazilianpress.com\/v1\/wp-json\/wp\/v2\/media\/50509"}],"wp:attachment":[{"href":"https:\/\/www.brazilianpress.com\/v1\/wp-json\/wp\/v2\/media?parent=50508"}],"wp:term":[{"taxonomy":"category","embeddable":true,"href":"https:\/\/www.brazilianpress.com\/v1\/wp-json\/wp\/v2\/categories?post=50508"},{"taxonomy":"post_tag","embeddable":true,"href":"https:\/\/www.brazilianpress.com\/v1\/wp-json\/wp\/v2\/tags?post=50508"}],"curies":[{"name":"wp","href":"https:\/\/api.w.org\/{rel}","templated":true}]}}