{"id":50517,"date":"2021-12-23T13:20:03","date_gmt":"2021-12-23T17:20:03","guid":{"rendered":"https:\/\/www.brazilianpress.com\/v1\/?p=50517"},"modified":"2021-12-23T13:20:03","modified_gmt":"2021-12-23T17:20:03","slug":"lea-campos-2021-chegando-ao-seu-fim","status":"publish","type":"post","link":"https:\/\/www.brazilianpress.com\/v1\/2021\/12\/23\/lea-campos-2021-chegando-ao-seu-fim\/","title":{"rendered":"L\u00e9a Campos: 2021 Chegando ao Seu Fim"},"content":{"rendered":"<p><strong>Estamos quase terminando o ano de 2021, o Natal no final de semana e na outra semana a troca de n\u00famero no calend\u00e1rio. A maioria comemora o 24\/25 de dezembro com festas, comida, bebida e troca de presentes, mas s\u00e3o poucos, bem poucos que se lembram do aniversariante do dia. Natal n\u00e3o \u00e9 como o carnaval, no qual todos pensam em folia e outros afins.<\/strong><\/p>\n<p>Natal \u00e9 para comemorar o nascimento daquele que veio ao mundo para nos salvar, portanto temos que comemor\u00e1-lo com ora\u00e7\u00f5es, dando de presente nosso arrependimento pelos erros cometidos, pela nossa falta de religiosidade e por n\u00e3o respeitar como dever\u00edamos o aniversariante. Jesus, filho de Deus \u00e9 s\u00edmbolo da salva\u00e7\u00e3o e como tal devemos honr\u00e1-lo. N\u00e3o vamos deixar de fazer o que sempre fazemos: a ceia natalina e a troca de presentes, apenas devemos acrescentar mais uma cadeira em nossas mesas.<\/p>\n<p>Assim, como cantamos para um amigo ou parente em seu anivers\u00e1rio, vamos cantar pelo aniversariante do dia 25 de dezembro. N\u00e3o podemos nos esquecer que Ele deu a vida para nos salvar, vamos dividir nossa ceia e nosso vinho com Ele, como foi feito na Santa Ceia. &#8220;Hoje a noite \u00e9 bela, juntos eu e ela, vamos \u00e0 capela felizes a rezar, ao tocar o sino, sino pequenino, venha Deus Menino nos aben\u00e7oar. Bate o sino pequenino, sino de Bel\u00e9m, j\u00e1 nasceu Deus Menino para o nosso bem. Paz na terra, pede o sino alegre a cantar, aben\u00e7oe Deus menino este nosso lar&#8221;.<\/p>\n<p>N\u00e3o podemos deixar de agradecer por n\u00e3o termos sido afetados pela doen\u00e7a que tirou de nosso conv\u00edvio, amigos e parentes. Fomos aben\u00e7oados por Deus e esta \u00e9 uma grande oportunidade de fazer um agradecimento a Deus por meio de seu filho Jesus.<\/p>\n<p><strong>FELIZ NATAL A TODOS E UM ANO NOVO COM MAIS ESPERAN\u00c7A E MENOS DOR.<\/strong><\/p>\n","protected":false},"excerpt":{"rendered":"<p>Estamos quase terminando o ano de 2021, o Natal no final de semana e na outra semana a troca de n\u00famero no calend\u00e1rio. A maioria comemora o 24\/25 de dezembro com festas, comida, bebida e troca de presentes, mas s\u00e3o poucos, bem poucos que se lembram do aniversariante do dia. Natal n\u00e3o \u00e9 como o carnaval, no qual todos pensam em folia e outros afins. Natal \u00e9 para comemorar o nascimento daquele que veio ao mundo para nos salvar, portanto temos que comemor\u00e1-lo com ora\u00e7\u00f5es, dando de presente nosso arrependimento pelos erros cometidos, pela nossa falta de religiosidade e por [&hellip;]<\/p>\n","protected":false},"author":1,"featured_media":50518,"comment_status":"open","ping_status":"closed","sticky":false,"template":"","format":"standard","meta":{"_links_to":"","_links_to_target":""},"categories":[15,1],"tags":[],"views":1327,"_links":{"self":[{"href":"https:\/\/www.brazilianpress.com\/v1\/wp-json\/wp\/v2\/posts\/50517"}],"collection":[{"href":"https:\/\/www.brazilianpress.com\/v1\/wp-json\/wp\/v2\/posts"}],"about":[{"href":"https:\/\/www.brazilianpress.com\/v1\/wp-json\/wp\/v2\/types\/post"}],"author":[{"embeddable":true,"href":"https:\/\/www.brazilianpress.com\/v1\/wp-json\/wp\/v2\/users\/1"}],"replies":[{"embeddable":true,"href":"https:\/\/www.brazilianpress.com\/v1\/wp-json\/wp\/v2\/comments?post=50517"}],"version-history":[{"count":1,"href":"https:\/\/www.brazilianpress.com\/v1\/wp-json\/wp\/v2\/posts\/50517\/revisions"}],"predecessor-version":[{"id":50519,"href":"https:\/\/www.brazilianpress.com\/v1\/wp-json\/wp\/v2\/posts\/50517\/revisions\/50519"}],"wp:featuredmedia":[{"embeddable":true,"href":"https:\/\/www.brazilianpress.com\/v1\/wp-json\/wp\/v2\/media\/50518"}],"wp:attachment":[{"href":"https:\/\/www.brazilianpress.com\/v1\/wp-json\/wp\/v2\/media?parent=50517"}],"wp:term":[{"taxonomy":"category","embeddable":true,"href":"https:\/\/www.brazilianpress.com\/v1\/wp-json\/wp\/v2\/categories?post=50517"},{"taxonomy":"post_tag","embeddable":true,"href":"https:\/\/www.brazilianpress.com\/v1\/wp-json\/wp\/v2\/tags?post=50517"}],"curies":[{"name":"wp","href":"https:\/\/api.w.org\/{rel}","templated":true}]}}