{"id":50733,"date":"2022-01-14T14:58:09","date_gmt":"2022-01-14T18:58:09","guid":{"rendered":"https:\/\/www.brazilianpress.com\/v1\/?p=50733"},"modified":"2022-01-14T14:58:09","modified_gmt":"2022-01-14T18:58:09","slug":"pedidos-de-seguro-desemprego-sobem-nos-eua-por-causa-da-pandemia","status":"publish","type":"post","link":"https:\/\/www.brazilianpress.com\/v1\/2022\/01\/14\/pedidos-de-seguro-desemprego-sobem-nos-eua-por-causa-da-pandemia\/","title":{"rendered":"Pedidos de seguro-desemprego sobem nos EUA por causa da pandemia"},"content":{"rendered":"<p><strong>O n\u00famero de pedidos de seguro-desemprego nos Estados Unidos registrou um salto expressivo na primeira semana de 2022, em meio ao avan\u00e7o da variante \u00d4micron do coronav\u00edrus no pa\u00eds. Segundo dados divulgados na quinta-feira, 13, pelo Departamento do Trabalho do governo norte-americano, foram 230 mil solicita\u00e7\u00f5es na semana encerrada no dia 8 de janeiro, 23 mil a mais do que nos sete dias anteriores.<\/strong><\/p>\n<p>O resultado ficou acima da expectativa de economistas consultados pelo jornal The Wall Street Journal\u00a0e pela ag\u00eancia\u00a0Reuters. A perspectiva era de cerca de 200 mil pedidos nos primeiros sete dias do ano.<\/p>\n<p>Na semana anterior, o total de solicita\u00e7\u00f5es de seguro-desemprego nos EUA foi revisado e ficou em 207 mil. A m\u00e9dia m\u00f3vel de quatro semanas fechou em 210,7 mil pedidos, o que corresponde a um aumento de mais de 6,2 mil em rela\u00e7\u00e3o ao per\u00edodo anterior. J\u00e1 o n\u00famero de pedidos continuados \u2014 pagos a trabalhadores que est\u00e3o desempregados h\u00e1 mais de uma semana \u2014 recuou em pouco mais de 6 mil solicita\u00e7\u00f5es, para 1,9 milh\u00e3o.<\/p>\n<p>Como noticiado anteriormente, a gera\u00e7\u00e3o de empregos nos EUA ficou abaixo das expectativas do mercado em dezembro do ano passado. Dados divulgados pelo Departamento de Trabalho do governo norte-americano mostram que foram criadas 199 mil novas vagas no per\u00edodo. Analistas consultados pela Reuters projetavam a gera\u00e7\u00e3o de cerca de 400 mil novos empregos no \u00faltimo m\u00eas de 2021. Em novembro, a taxa foi revisada para cima, de 210 mil para 249 mil vagas. O \u00edndice de desemprego no pa\u00eds registrou queda em dezembro, de 4,2% para 3,9%. A estimativa do mercado era de uma taxa de 4,1%.<\/p>\n","protected":false},"excerpt":{"rendered":"<p>O n\u00famero de pedidos de seguro-desemprego nos Estados Unidos registrou um salto expressivo na primeira semana de 2022, em meio ao avan\u00e7o da variante \u00d4micron do coronav\u00edrus no pa\u00eds. Segundo dados divulgados na quinta-feira, 13, pelo Departamento do Trabalho do governo norte-americano, foram 230 mil solicita\u00e7\u00f5es na semana encerrada no dia 8 de janeiro, 23 mil a mais do que nos sete dias anteriores. O resultado ficou acima da expectativa de economistas consultados pelo jornal The Wall Street Journal\u00a0e pela ag\u00eancia\u00a0Reuters. A perspectiva era de cerca de 200 mil pedidos nos primeiros sete dias do ano. Na semana anterior, o [&hellip;]<\/p>\n","protected":false},"author":1,"featured_media":43992,"comment_status":"open","ping_status":"closed","sticky":false,"template":"","format":"standard","meta":{"_links_to":"","_links_to_target":""},"categories":[3,1,10],"tags":[],"views":946,"_links":{"self":[{"href":"https:\/\/www.brazilianpress.com\/v1\/wp-json\/wp\/v2\/posts\/50733"}],"collection":[{"href":"https:\/\/www.brazilianpress.com\/v1\/wp-json\/wp\/v2\/posts"}],"about":[{"href":"https:\/\/www.brazilianpress.com\/v1\/wp-json\/wp\/v2\/types\/post"}],"author":[{"embeddable":true,"href":"https:\/\/www.brazilianpress.com\/v1\/wp-json\/wp\/v2\/users\/1"}],"replies":[{"embeddable":true,"href":"https:\/\/www.brazilianpress.com\/v1\/wp-json\/wp\/v2\/comments?post=50733"}],"version-history":[{"count":1,"href":"https:\/\/www.brazilianpress.com\/v1\/wp-json\/wp\/v2\/posts\/50733\/revisions"}],"predecessor-version":[{"id":50734,"href":"https:\/\/www.brazilianpress.com\/v1\/wp-json\/wp\/v2\/posts\/50733\/revisions\/50734"}],"wp:featuredmedia":[{"embeddable":true,"href":"https:\/\/www.brazilianpress.com\/v1\/wp-json\/wp\/v2\/media\/43992"}],"wp:attachment":[{"href":"https:\/\/www.brazilianpress.com\/v1\/wp-json\/wp\/v2\/media?parent=50733"}],"wp:term":[{"taxonomy":"category","embeddable":true,"href":"https:\/\/www.brazilianpress.com\/v1\/wp-json\/wp\/v2\/categories?post=50733"},{"taxonomy":"post_tag","embeddable":true,"href":"https:\/\/www.brazilianpress.com\/v1\/wp-json\/wp\/v2\/tags?post=50733"}],"curies":[{"name":"wp","href":"https:\/\/api.w.org\/{rel}","templated":true}]}}